{"id":3532,"date":"2022-05-13T08:44:21","date_gmt":"2022-05-13T06:44:21","guid":{"rendered":"https:\/\/www.lca-sued.at\/2022\/05\/13\/korosko-gospodarstvo-sreca-logistiko-slaven-obisk-lca-logistik-center-austria-sued\/"},"modified":"2022-05-13T08:44:21","modified_gmt":"2022-05-13T06:44:21","slug":"korosko-gospodarstvo-sreca-logistiko-slaven-obisk-lca-logistik-center-austria-sued","status":"publish","type":"post","link":"https:\/\/www.lca-sued.at\/sl\/2022\/05\/13\/korosko-gospodarstvo-sreca-logistiko-slaven-obisk-lca-logistik-center-austria-sued\/","title":{"rendered":"Koro\u0161ko gospodarstvo sre\u010da logistiko &#8211; slaven obisk LCA Logistik Center Austria S\u00fcd"},"content":{"rendered":"<p>Furnitz, 13. maja 2022. Pristani\u0161\u010da severnega Jadrana predstavljajo pomembno prometno vozli\u0161\u010de za medcelinske, pomorske povezave na dolge, pa tudi kratke in srednje razdalje od sredozemske regije do Kitajske in so nepogre\u0161ljiva za koro\u0161ki izvoz.<\/p>\n<p>Koro\u0161ka gospodarska zbornica je 12. in 12. maja 2022 z namenom krepitve gospodarskih odnosov s severnojadranskima pristani\u0161\u010dema Koper in Trst organizirala omre\u017eni izlet z okoli 50 koro\u0161kimi gospodarstveniki ter misijo ugotavljanja dejstev prav v te pristani\u0161\u010da. Delegacijo sta vodila predsednik GZS J\u00fcrgen Mandl in direktor Zbornice Meinrad H\u00f6fferer. Delegacijo so spremljali ugledni gostje, kot so Elisabeth Ellison-Kramer, avstrijska veleposlanica v Sloveniji in prvi predsednik koro\u0161kega parlamenta Reinhart Rohr.<\/p>\n<p>Obse\u017een program, ki se je vrtel okoli logistike, se je za\u010del z obiskom in predstavitvijo logisti\u010dnega vozli\u0161\u010da F\u00fcrnitz, najju\u017enej\u0161e logisti\u010dne lokacije v Avstriji. Vodstvo 160 ha velikega vozli\u0161\u010da in suhega pristani\u0161\u010da LCA Logistik Center Austria S\u00fcd GmbH, Julia Feinig-Freunschlag in Udo Tarmann, je predstavilo lokacijo in predstavilo oris razvoja lokacije: Ustanovljeno leta 2017, lokacija je na\u0161tela okoli 40 lokalnih podjetja. Danes so direktorji zadovoljni s trenutnimi \u0161tevilkami: 53 doma\u010dih podjetij z okoli 890 zaposlenimi. Nadaljnja naselja so v pripravi in \u200b\u200bbodo zaokro\u017eila ponudbo na lokaciji. Ta poleg naselja proizvodnega obrata z okoli 150 zaposlenimi vklju\u010duje motel, polnilne postaje za elektri\u010dne avtomobile, pisarne in logisti\u010dni center za oskrbo domov za ostarele in ostarele. Pogovarjali so se tudi o na\u010drtovani \u0161iritvi vozli\u0161\u010da in posodobitvi terminala \u00d6BB, ki so bili dele\u017eni velikega zanimanja.<\/p>\n<p>Po obilnem zajtrku smo nadaljevali do koprskega pristani\u0161\u010da. Tu je koro\u0161ka delegacija lahko obiskala hitro rasto\u010de pristani\u0161\u010de, ki je \u017ee zdaj pomemben partner za koro\u0161ka podjetja, nato pa se je pogovarjala s poslovnim delegatom za Slovenijo Wilhelmom Nestom, doma\u010dinom na Koro\u0161kem v Ljubljani. Zve\u010der je udele\u017eence delegacije povabila avstrijska veleposlanica v Sloveniji Elisabeth Ellison-Kramer, da se udele\u017eijo odprtja avstrijskega \u010dastnega konzulata v Kopru s \u010dastno konzulko Ur\u0161ko Svetlik.<\/p>\n<p>Danes nadaljujemo do tr\u017ea\u0161kega pristani\u0161\u010da v severni Italiji, kjer bo delegacijo sprejela Gudrun Hager, poslovna delegatka za Italijo.<\/p>\n<p>Po razburljivem obisku pristani\u0161\u010da se to razburljivo in pou\u010dno potovanje zaklju\u010di z obiskom Obmo\u010dnega znanstvenega parka v Padricianu (Trst). V Trstu je interdisciplinarno znanstvenoraziskovalno sredi\u0161\u010de Area Science Park eno najpomembnej\u0161ih razvojnih sredi\u0161\u010d v Italiji. 84 in\u0161titutov s 1600 zaposlenimi je zelo specializiranih za raziskave na podro\u010djih biomedicine, fizike, energetike, okolja, industrijskih inovacij, kro\u017enega gospodarstva in nanotehnologije. V okviru obiska raziskovalnega parka je predvideno tudi sre\u010danje s Sabrino Strolego (avstrijsko \u010dastno konzulko v Trstu). Z njo naj se odra\u017eajo gospodarski odnosi med Koro\u0161ko in Furlansko-Julijsko krajino ter se pogovarjajo o pristopih za nadaljnje, uspe\u0161no \u010dezmejno sodelovanje.<\/p>\n","protected":false},"excerpt":{"rendered":"<p>Furnitz, 13. maja 2022. Pristani\u0161\u010da severnega Jadrana predstavljajo pomembno prometno vozli\u0161\u010de za medcelinske, pomorske povezave na dolge, pa tudi kratke [&hellip;]<\/p>\n","protected":false},"author":4,"featured_media":3523,"comment_status":"closed","ping_status":"open","sticky":false,"template":"","format":"standard","meta":{"_acf_changed":false,"footnotes":""},"categories":[1],"tags":[],"class_list":["post-3532","post","type-post","status-publish","format-standard","has-post-thumbnail","hentry","category-unkategorisiert"],"acf":[],"yoast_head":"<!-- This site is optimized with the Yoast SEO plugin v27.0 - https:\/\/yoast.com\/product\/yoast-seo-wordpress\/ -->\n<title>Koro\u0161ko gospodarstvo sre\u010da logistiko - slaven obisk LCA Logistik Center Austria S\u00fcd - LCA SUED<\/title>\n<meta name=\"robots\" content=\"index, follow, max-snippet:-1, max-image-preview:large, max-video-preview:-1\" \/>\n<link rel=\"canonical\" href=\"https:\/\/www.lca-sued.at\/2022\/05\/13\/korosko-gospodarstvo-sreca-logistiko-slaven-obisk-lca-logistik-center-austria-sued\/\" \/>\n<meta property=\"og:locale\" content=\"sl_SI\" \/>\n<meta property=\"og:type\" content=\"article\" \/>\n<meta property=\"og:title\" content=\"Koro\u0161ko gospodarstvo sre\u010da logistiko - slaven obisk LCA Logistik Center Austria S\u00fcd - LCA SUED\" \/>\n<meta property=\"og:description\" content=\"Furnitz, 13. maja 2022. Pristani\u0161\u010da severnega Jadrana predstavljajo pomembno prometno vozli\u0161\u010de za medcelinske, pomorske povezave na dolge, pa tudi kratke [&hellip;]\" \/>\n<meta property=\"og:url\" content=\"https:\/\/www.lca-sued.at\/2022\/05\/13\/korosko-gospodarstvo-sreca-logistiko-slaven-obisk-lca-logistik-center-austria-sued\/\" \/>\n<meta property=\"og:site_name\" content=\"LCA SUED\" \/>\n<meta property=\"article:published_time\" content=\"2022-05-13T06:44:21+00:00\" \/>\n<meta property=\"og:image\" content=\"https:\/\/www.lca-sued.at\/wp-content\/uploads\/2022\/02\/lca-slider-2022.jpg\" \/>\n\t<meta property=\"og:image:width\" content=\"1024\" \/>\n\t<meta property=\"og:image:height\" content=\"486\" \/>\n\t<meta property=\"og:image:type\" content=\"image\/jpeg\" \/>\n<meta name=\"author\" content=\"Suzana Jakovljevic\" \/>\n<meta name=\"twitter:card\" content=\"summary_large_image\" \/>\n<meta name=\"twitter:label1\" content=\"Written by\" \/>\n\t<meta name=\"twitter:data1\" content=\"Suzana Jakovljevic\" \/>\n\t<meta name=\"twitter:label2\" content=\"Est. reading time\" \/>\n\t<meta name=\"twitter:data2\" content=\"2 minuti\" \/>\n<script type=\"application\/ld+json\" class=\"yoast-schema-graph\">{\"@context\":\"https:\/\/schema.org\",\"@graph\":[{\"@type\":\"Article\",\"@id\":\"https:\/\/www.lca-sued.at\/2022\/05\/13\/korosko-gospodarstvo-sreca-logistiko-slaven-obisk-lca-logistik-center-austria-sued\/#article\",\"isPartOf\":{\"@id\":\"https:\/\/www.lca-sued.at\/2022\/05\/13\/korosko-gospodarstvo-sreca-logistiko-slaven-obisk-lca-logistik-center-austria-sued\/\"},\"author\":{\"name\":\"Suzana Jakovljevic\",\"@id\":\"https:\/\/www.lca-sued.at\/#\/schema\/person\/34aa46e7a8dd8dc1bb17f82164ab0d3e\"},\"headline\":\"Koro\u0161ko gospodarstvo sre\u010da logistiko &#8211; slaven obisk LCA Logistik Center Austria S\u00fcd\",\"datePublished\":\"2022-05-13T06:44:21+00:00\",\"mainEntityOfPage\":{\"@id\":\"https:\/\/www.lca-sued.at\/2022\/05\/13\/korosko-gospodarstvo-sreca-logistiko-slaven-obisk-lca-logistik-center-austria-sued\/\"},\"wordCount\":473,\"publisher\":{\"@id\":\"https:\/\/www.lca-sued.at\/#organization\"},\"image\":{\"@id\":\"https:\/\/www.lca-sued.at\/2022\/05\/13\/korosko-gospodarstvo-sreca-logistiko-slaven-obisk-lca-logistik-center-austria-sued\/#primaryimage\"},\"thumbnailUrl\":\"https:\/\/www.lca-sued.at\/wp-content\/uploads\/2022\/05\/IMG-20220512-WA0002.jpg\",\"articleSection\":[\"Unkategorisiert\"],\"inLanguage\":\"sl-SI\"},{\"@type\":\"WebPage\",\"@id\":\"https:\/\/www.lca-sued.at\/2022\/05\/13\/korosko-gospodarstvo-sreca-logistiko-slaven-obisk-lca-logistik-center-austria-sued\/\",\"url\":\"https:\/\/www.lca-sued.at\/2022\/05\/13\/korosko-gospodarstvo-sreca-logistiko-slaven-obisk-lca-logistik-center-austria-sued\/\",\"name\":\"Koro\u0161ko gospodarstvo sre\u010da logistiko - slaven obisk LCA Logistik Center Austria S\u00fcd - LCA SUED\",\"isPartOf\":{\"@id\":\"https:\/\/www.lca-sued.at\/#website\"},\"primaryImageOfPage\":{\"@id\":\"https:\/\/www.lca-sued.at\/2022\/05\/13\/korosko-gospodarstvo-sreca-logistiko-slaven-obisk-lca-logistik-center-austria-sued\/#primaryimage\"},\"image\":{\"@id\":\"https:\/\/www.lca-sued.at\/2022\/05\/13\/korosko-gospodarstvo-sreca-logistiko-slaven-obisk-lca-logistik-center-austria-sued\/#primaryimage\"},\"thumbnailUrl\":\"https:\/\/www.lca-sued.at\/wp-content\/uploads\/2022\/05\/IMG-20220512-WA0002.jpg\",\"datePublished\":\"2022-05-13T06:44:21+00:00\",\"breadcrumb\":{\"@id\":\"https:\/\/www.lca-sued.at\/2022\/05\/13\/korosko-gospodarstvo-sreca-logistiko-slaven-obisk-lca-logistik-center-austria-sued\/#breadcrumb\"},\"inLanguage\":\"sl-SI\",\"potentialAction\":[{\"@type\":\"ReadAction\",\"target\":[\"https:\/\/www.lca-sued.at\/2022\/05\/13\/korosko-gospodarstvo-sreca-logistiko-slaven-obisk-lca-logistik-center-austria-sued\/\"]}]},{\"@type\":\"ImageObject\",\"inLanguage\":\"sl-SI\",\"@id\":\"https:\/\/www.lca-sued.at\/2022\/05\/13\/korosko-gospodarstvo-sreca-logistiko-slaven-obisk-lca-logistik-center-austria-sued\/#primaryimage\",\"url\":\"https:\/\/www.lca-sued.at\/wp-content\/uploads\/2022\/05\/IMG-20220512-WA0002.jpg\",\"contentUrl\":\"https:\/\/www.lca-sued.at\/wp-content\/uploads\/2022\/05\/IMG-20220512-WA0002.jpg\",\"width\":1600,\"height\":1200},{\"@type\":\"BreadcrumbList\",\"@id\":\"https:\/\/www.lca-sued.at\/2022\/05\/13\/korosko-gospodarstvo-sreca-logistiko-slaven-obisk-lca-logistik-center-austria-sued\/#breadcrumb\",\"itemListElement\":[{\"@type\":\"ListItem\",\"position\":1,\"name\":\"Startseite\",\"item\":\"https:\/\/www.lca-sued.at\/sl\/\"},{\"@type\":\"ListItem\",\"position\":2,\"name\":\"Koro\u0161ko gospodarstvo sre\u010da logistiko &#8211; slaven obisk LCA Logistik Center Austria S\u00fcd\"}]},{\"@type\":\"WebSite\",\"@id\":\"https:\/\/www.lca-sued.at\/#website\",\"url\":\"https:\/\/www.lca-sued.at\/\",\"name\":\"LCA SUED\",\"description\":\"LCA SUED\",\"publisher\":{\"@id\":\"https:\/\/www.lca-sued.at\/#organization\"},\"potentialAction\":[{\"@type\":\"SearchAction\",\"target\":{\"@type\":\"EntryPoint\",\"urlTemplate\":\"https:\/\/www.lca-sued.at\/?s={search_term_string}\"},\"query-input\":{\"@type\":\"PropertyValueSpecification\",\"valueRequired\":true,\"valueName\":\"search_term_string\"}}],\"inLanguage\":\"sl-SI\"},{\"@type\":\"Organization\",\"@id\":\"https:\/\/www.lca-sued.at\/#organization\",\"name\":\"LCA SUED\",\"url\":\"https:\/\/www.lca-sued.at\/\",\"logo\":{\"@type\":\"ImageObject\",\"inLanguage\":\"sl-SI\",\"@id\":\"https:\/\/www.lca-sued.at\/#\/schema\/logo\/image\/\",\"url\":\"https:\/\/www.lca-sued.at\/wp-content\/uploads\/2017\/08\/lca_logo.png\",\"contentUrl\":\"https:\/\/www.lca-sued.at\/wp-content\/uploads\/2017\/08\/lca_logo.png\",\"width\":167,\"height\":108,\"caption\":\"LCA SUED\"},\"image\":{\"@id\":\"https:\/\/www.lca-sued.at\/#\/schema\/logo\/image\/\"},\"sameAs\":[\"https:\/\/www.linkedin.com\/company\/lca-south\/\"]},{\"@type\":\"Person\",\"@id\":\"https:\/\/www.lca-sued.at\/#\/schema\/person\/34aa46e7a8dd8dc1bb17f82164ab0d3e\",\"name\":\"Suzana Jakovljevic\",\"image\":{\"@type\":\"ImageObject\",\"inLanguage\":\"sl-SI\",\"@id\":\"https:\/\/www.lca-sued.at\/#\/schema\/person\/image\/\",\"url\":\"https:\/\/secure.gravatar.com\/avatar\/b132271ef8dde1367b8d03c6b6def65120ac14f829a088db4110bef152e9bc34?s=96&d=mm&r=g\",\"contentUrl\":\"https:\/\/secure.gravatar.com\/avatar\/b132271ef8dde1367b8d03c6b6def65120ac14f829a088db4110bef152e9bc34?s=96&d=mm&r=g\",\"caption\":\"Suzana Jakovljevic\"},\"url\":\"https:\/\/www.lca-sued.at\/sl\/author\/lca-petschnig\/\"}]}<\/script>\n<!-- \/ Yoast SEO plugin. -->","yoast_head_json":{"title":"Koro\u0161ko gospodarstvo sre\u010da logistiko - slaven obisk LCA Logistik Center Austria S\u00fcd - LCA SUED","robots":{"index":"index","follow":"follow","max-snippet":"max-snippet:-1","max-image-preview":"max-image-preview:large","max-video-preview":"max-video-preview:-1"},"canonical":"https:\/\/www.lca-sued.at\/2022\/05\/13\/korosko-gospodarstvo-sreca-logistiko-slaven-obisk-lca-logistik-center-austria-sued\/","og_locale":"sl_SI","og_type":"article","og_title":"Koro\u0161ko gospodarstvo sre\u010da logistiko - slaven obisk LCA Logistik Center Austria S\u00fcd - LCA SUED","og_description":"Furnitz, 13. maja 2022. Pristani\u0161\u010da severnega Jadrana predstavljajo pomembno prometno vozli\u0161\u010de za medcelinske, pomorske povezave na dolge, pa tudi kratke [&hellip;]","og_url":"https:\/\/www.lca-sued.at\/2022\/05\/13\/korosko-gospodarstvo-sreca-logistiko-slaven-obisk-lca-logistik-center-austria-sued\/","og_site_name":"LCA SUED","article_published_time":"2022-05-13T06:44:21+00:00","og_image":[{"width":1024,"height":486,"url":"https:\/\/www.lca-sued.at\/wp-content\/uploads\/2022\/02\/lca-slider-2022.jpg","type":"image\/jpeg"}],"author":"Suzana Jakovljevic","twitter_card":"summary_large_image","twitter_misc":{"Written by":"Suzana Jakovljevic","Est. reading time":"2 minuti"},"schema":{"@context":"https:\/\/schema.org","@graph":[{"@type":"Article","@id":"https:\/\/www.lca-sued.at\/2022\/05\/13\/korosko-gospodarstvo-sreca-logistiko-slaven-obisk-lca-logistik-center-austria-sued\/#article","isPartOf":{"@id":"https:\/\/www.lca-sued.at\/2022\/05\/13\/korosko-gospodarstvo-sreca-logistiko-slaven-obisk-lca-logistik-center-austria-sued\/"},"author":{"name":"Suzana Jakovljevic","@id":"https:\/\/www.lca-sued.at\/#\/schema\/person\/34aa46e7a8dd8dc1bb17f82164ab0d3e"},"headline":"Koro\u0161ko gospodarstvo sre\u010da logistiko &#8211; slaven obisk LCA Logistik Center Austria S\u00fcd","datePublished":"2022-05-13T06:44:21+00:00","mainEntityOfPage":{"@id":"https:\/\/www.lca-sued.at\/2022\/05\/13\/korosko-gospodarstvo-sreca-logistiko-slaven-obisk-lca-logistik-center-austria-sued\/"},"wordCount":473,"publisher":{"@id":"https:\/\/www.lca-sued.at\/#organization"},"image":{"@id":"https:\/\/www.lca-sued.at\/2022\/05\/13\/korosko-gospodarstvo-sreca-logistiko-slaven-obisk-lca-logistik-center-austria-sued\/#primaryimage"},"thumbnailUrl":"https:\/\/www.lca-sued.at\/wp-content\/uploads\/2022\/05\/IMG-20220512-WA0002.jpg","articleSection":["Unkategorisiert"],"inLanguage":"sl-SI"},{"@type":"WebPage","@id":"https:\/\/www.lca-sued.at\/2022\/05\/13\/korosko-gospodarstvo-sreca-logistiko-slaven-obisk-lca-logistik-center-austria-sued\/","url":"https:\/\/www.lca-sued.at\/2022\/05\/13\/korosko-gospodarstvo-sreca-logistiko-slaven-obisk-lca-logistik-center-austria-sued\/","name":"Koro\u0161ko gospodarstvo sre\u010da logistiko - slaven obisk LCA Logistik Center Austria S\u00fcd - LCA SUED","isPartOf":{"@id":"https:\/\/www.lca-sued.at\/#website"},"primaryImageOfPage":{"@id":"https:\/\/www.lca-sued.at\/2022\/05\/13\/korosko-gospodarstvo-sreca-logistiko-slaven-obisk-lca-logistik-center-austria-sued\/#primaryimage"},"image":{"@id":"https:\/\/www.lca-sued.at\/2022\/05\/13\/korosko-gospodarstvo-sreca-logistiko-slaven-obisk-lca-logistik-center-austria-sued\/#primaryimage"},"thumbnailUrl":"https:\/\/www.lca-sued.at\/wp-content\/uploads\/2022\/05\/IMG-20220512-WA0002.jpg","datePublished":"2022-05-13T06:44:21+00:00","breadcrumb":{"@id":"https:\/\/www.lca-sued.at\/2022\/05\/13\/korosko-gospodarstvo-sreca-logistiko-slaven-obisk-lca-logistik-center-austria-sued\/#breadcrumb"},"inLanguage":"sl-SI","potentialAction":[{"@type":"ReadAction","target":["https:\/\/www.lca-sued.at\/2022\/05\/13\/korosko-gospodarstvo-sreca-logistiko-slaven-obisk-lca-logistik-center-austria-sued\/"]}]},{"@type":"ImageObject","inLanguage":"sl-SI","@id":"https:\/\/www.lca-sued.at\/2022\/05\/13\/korosko-gospodarstvo-sreca-logistiko-slaven-obisk-lca-logistik-center-austria-sued\/#primaryimage","url":"https:\/\/www.lca-sued.at\/wp-content\/uploads\/2022\/05\/IMG-20220512-WA0002.jpg","contentUrl":"https:\/\/www.lca-sued.at\/wp-content\/uploads\/2022\/05\/IMG-20220512-WA0002.jpg","width":1600,"height":1200},{"@type":"BreadcrumbList","@id":"https:\/\/www.lca-sued.at\/2022\/05\/13\/korosko-gospodarstvo-sreca-logistiko-slaven-obisk-lca-logistik-center-austria-sued\/#breadcrumb","itemListElement":[{"@type":"ListItem","position":1,"name":"Startseite","item":"https:\/\/www.lca-sued.at\/sl\/"},{"@type":"ListItem","position":2,"name":"Koro\u0161ko gospodarstvo sre\u010da logistiko &#8211; slaven obisk LCA Logistik Center Austria S\u00fcd"}]},{"@type":"WebSite","@id":"https:\/\/www.lca-sued.at\/#website","url":"https:\/\/www.lca-sued.at\/","name":"LCA SUED","description":"LCA SUED","publisher":{"@id":"https:\/\/www.lca-sued.at\/#organization"},"potentialAction":[{"@type":"SearchAction","target":{"@type":"EntryPoint","urlTemplate":"https:\/\/www.lca-sued.at\/?s={search_term_string}"},"query-input":{"@type":"PropertyValueSpecification","valueRequired":true,"valueName":"search_term_string"}}],"inLanguage":"sl-SI"},{"@type":"Organization","@id":"https:\/\/www.lca-sued.at\/#organization","name":"LCA SUED","url":"https:\/\/www.lca-sued.at\/","logo":{"@type":"ImageObject","inLanguage":"sl-SI","@id":"https:\/\/www.lca-sued.at\/#\/schema\/logo\/image\/","url":"https:\/\/www.lca-sued.at\/wp-content\/uploads\/2017\/08\/lca_logo.png","contentUrl":"https:\/\/www.lca-sued.at\/wp-content\/uploads\/2017\/08\/lca_logo.png","width":167,"height":108,"caption":"LCA SUED"},"image":{"@id":"https:\/\/www.lca-sued.at\/#\/schema\/logo\/image\/"},"sameAs":["https:\/\/www.linkedin.com\/company\/lca-south\/"]},{"@type":"Person","@id":"https:\/\/www.lca-sued.at\/#\/schema\/person\/34aa46e7a8dd8dc1bb17f82164ab0d3e","name":"Suzana Jakovljevic","image":{"@type":"ImageObject","inLanguage":"sl-SI","@id":"https:\/\/www.lca-sued.at\/#\/schema\/person\/image\/","url":"https:\/\/secure.gravatar.com\/avatar\/b132271ef8dde1367b8d03c6b6def65120ac14f829a088db4110bef152e9bc34?s=96&d=mm&r=g","contentUrl":"https:\/\/secure.gravatar.com\/avatar\/b132271ef8dde1367b8d03c6b6def65120ac14f829a088db4110bef152e9bc34?s=96&d=mm&r=g","caption":"Suzana Jakovljevic"},"url":"https:\/\/www.lca-sued.at\/sl\/author\/lca-petschnig\/"}]}},"_links":{"self":[{"href":"https:\/\/www.lca-sued.at\/sl\/wp-json\/wp\/v2\/posts\/3532","targetHints":{"allow":["GET"]}}],"collection":[{"href":"https:\/\/www.lca-sued.at\/sl\/wp-json\/wp\/v2\/posts"}],"about":[{"href":"https:\/\/www.lca-sued.at\/sl\/wp-json\/wp\/v2\/types\/post"}],"author":[{"embeddable":true,"href":"https:\/\/www.lca-sued.at\/sl\/wp-json\/wp\/v2\/users\/4"}],"replies":[{"embeddable":true,"href":"https:\/\/www.lca-sued.at\/sl\/wp-json\/wp\/v2\/comments?post=3532"}],"version-history":[{"count":0,"href":"https:\/\/www.lca-sued.at\/sl\/wp-json\/wp\/v2\/posts\/3532\/revisions"}],"wp:featuredmedia":[{"embeddable":true,"href":"https:\/\/www.lca-sued.at\/sl\/wp-json\/wp\/v2\/media\/3523"}],"wp:attachment":[{"href":"https:\/\/www.lca-sued.at\/sl\/wp-json\/wp\/v2\/media?parent=3532"}],"wp:term":[{"taxonomy":"category","embeddable":true,"href":"https:\/\/www.lca-sued.at\/sl\/wp-json\/wp\/v2\/categories?post=3532"},{"taxonomy":"post_tag","embeddable":true,"href":"https:\/\/www.lca-sued.at\/sl\/wp-json\/wp\/v2\/tags?post=3532"}],"curies":[{"name":"wp","href":"https:\/\/api.w.org\/{rel}","templated":true}]}}