{"id":2857,"date":"2021-06-16T12:58:12","date_gmt":"2021-06-16T10:58:12","guid":{"rendered":"https:\/\/www.lca-sued.at\/2021\/06\/16\/kooperationsanbahnungen-in-triest\/"},"modified":"2021-06-16T12:58:12","modified_gmt":"2021-06-16T10:58:12","slug":"kooperationsanbahnungen-in-triest","status":"publish","type":"post","link":"https:\/\/www.lca-sued.at\/sl\/2021\/06\/16\/kooperationsanbahnungen-in-triest\/","title":{"rendered":"Kooperationsanbahnungen in Triest"},"content":{"rendered":"<p>Endlich war es wieder soweit\u2026\u2026erste pers\u00f6nliche Kooperationsgespr\u00e4che nach der digitalen \u201eCorona-Zeit\u201c<\/p>\n<p>&nbsp;<\/p>\n<p>Treffen mit dem Traditionshaus Francesco Parisi Casa di Spedizioni SpA in Triest<\/p>\n<p>14. Juni 2021. Vertreter der LCAS, der Standortagentur des Logistik Center Austria S\u00fcd, durften diese Woche in Begleitung einer chinesischen Delegation die Triestiner Spedition Francesco Parisi besuchen und \u00fcber m\u00f6gliche Kooperationen sprechen.<\/p>\n<p>Anlass war unter anderem der Einstieg der italienischen Spedition, die seit 1807 erfolgreich Waren weltweit bewegt, in die Betriebsgesellschaft des geplanten neuen Containerterminals in Triest, gemeinsam mit u.a. der Hamburger Hafen und Logistik AG (HHLA).<\/p>\n<p>Evaluiert wird derzeit die M\u00f6glichkeit der Zusammenarbeit zwischen dem geplanten neuen Terminal und dem F\u00fcrnitzer Containerterminal der \u00d6BB. Unterst\u00fctzt werden soll so die Verlagerung der Warenverkehre von der Stra\u00dfe auf die Schiene.<\/p>\n<p>Erfolgreiche Gespr\u00e4che wurden auch zwischen chinesischen Unternehmern, die aktuell am Aufbau ihrer Import|Exportgesellschaft in F\u00fcrnitz arbeiten, und der Spedition Francesco Parisi, die sich auf den Import von Waren vor allem aus dem asiatischen Raum spezialisiert hat.<\/p>\n<p>Es war im wahrsten Sinne des Wortes <em>bewegend<\/em>, wieder italienische Gesch\u00e4fts-und Meeresluft zu schnuppern und pers\u00f6nlich mit unseren Kooperationspartnern \u00fcber k\u00fcnftige Entwicklungen am Markt zu sprechen.<\/p>\n<p><img loading=\"lazy\" decoding=\"async\" class=\"alignleft size-full wp-image-2850\" src=\"https:\/\/www.lca-sued.at\/wp-content\/uploads\/2021\/06\/PhotoGrid_1623840941550.jpg\" alt=\"\" width=\"2048\" height=\"2048\" srcset=\"https:\/\/www.lca-sued.at\/wp-content\/uploads\/2021\/06\/PhotoGrid_1623840941550.jpg 2048w, https:\/\/www.lca-sued.at\/wp-content\/uploads\/2021\/06\/PhotoGrid_1623840941550-150x150.jpg 150w, https:\/\/www.lca-sued.at\/wp-content\/uploads\/2021\/06\/PhotoGrid_1623840941550-300x300.jpg 300w, https:\/\/www.lca-sued.at\/wp-content\/uploads\/2021\/06\/PhotoGrid_1623840941550-768x768.jpg 768w, https:\/\/www.lca-sued.at\/wp-content\/uploads\/2021\/06\/PhotoGrid_1623840941550-1024x1024.jpg 1024w, https:\/\/www.lca-sued.at\/wp-content\/uploads\/2021\/06\/PhotoGrid_1623840941550-1536x1536.jpg 1536w\" sizes=\"auto, (max-width: 2048px) 100vw, 2048px\" \/>#LCAS #F\u00fcrnitz #greenlogistics #bajing #francescoparisi #gatewaytothefuture #gatewaytotheworld #multipurposeterminal #logistics #logisticscompany #intermodal #hinterland<\/p>\n<p>&nbsp;<\/p>\n","protected":false},"excerpt":{"rendered":"<p>Endlich war es wieder soweit\u2026\u2026erste pers\u00f6nliche Kooperationsgespr\u00e4che nach der digitalen \u201eCorona-Zeit\u201c &nbsp; Treffen mit dem Traditionshaus Francesco Parisi Casa di [&hellip;]<\/p>\n","protected":false},"author":4,"featured_media":0,"comment_status":"closed","ping_status":"open","sticky":false,"template":"","format":"standard","meta":{"_acf_changed":false,"footnotes":""},"categories":[1],"tags":[],"class_list":["post-2857","post","type-post","status-publish","format-standard","hentry","category-unkategorisiert"],"acf":[],"yoast_head":"<!-- This site is optimized with the Yoast SEO plugin v27.0 - https:\/\/yoast.com\/product\/yoast-seo-wordpress\/ -->\n<title>Kooperationsanbahnungen in Triest - LCA SUED<\/title>\n<meta name=\"robots\" content=\"index, follow, max-snippet:-1, max-image-preview:large, max-video-preview:-1\" \/>\n<link rel=\"canonical\" href=\"https:\/\/www.lca-sued.at\/sl\/2021\/06\/16\/kooperationsanbahnungen-in-triest\/\" \/>\n<meta property=\"og:locale\" content=\"sl_SI\" \/>\n<meta property=\"og:type\" content=\"article\" \/>\n<meta property=\"og:title\" content=\"Kooperationsanbahnungen in Triest - LCA SUED\" \/>\n<meta property=\"og:description\" content=\"Endlich war es wieder soweit\u2026\u2026erste pers\u00f6nliche Kooperationsgespr\u00e4che nach der digitalen \u201eCorona-Zeit\u201c &nbsp; Treffen mit dem Traditionshaus Francesco Parisi Casa di [&hellip;]\" \/>\n<meta property=\"og:url\" content=\"https:\/\/www.lca-sued.at\/sl\/2021\/06\/16\/kooperationsanbahnungen-in-triest\/\" \/>\n<meta property=\"og:site_name\" content=\"LCA SUED\" \/>\n<meta property=\"article:published_time\" content=\"2021-06-16T10:58:12+00:00\" \/>\n<meta property=\"og:image\" content=\"https:\/\/www.lca-sued.at\/wp-content\/uploads\/2021\/06\/PhotoGrid_1623840941550.jpg\" \/>\n<meta name=\"author\" content=\"Suzana Jakovljevic\" \/>\n<meta name=\"twitter:card\" content=\"summary_large_image\" \/>\n<meta name=\"twitter:label1\" content=\"Written by\" \/>\n\t<meta name=\"twitter:data1\" content=\"Suzana Jakovljevic\" \/>\n\t<meta name=\"twitter:label2\" content=\"Est. reading time\" \/>\n\t<meta name=\"twitter:data2\" content=\"2 minuti\" \/>\n<script type=\"application\/ld+json\" class=\"yoast-schema-graph\">{\"@context\":\"https:\/\/schema.org\",\"@graph\":[{\"@type\":\"Article\",\"@id\":\"https:\/\/www.lca-sued.at\/sl\/2021\/06\/16\/kooperationsanbahnungen-in-triest\/#article\",\"isPartOf\":{\"@id\":\"https:\/\/www.lca-sued.at\/sl\/2021\/06\/16\/kooperationsanbahnungen-in-triest\/\"},\"author\":{\"name\":\"Suzana Jakovljevic\",\"@id\":\"https:\/\/www.lca-sued.at\/#\/schema\/person\/34aa46e7a8dd8dc1bb17f82164ab0d3e\"},\"headline\":\"Kooperationsanbahnungen in Triest\",\"datePublished\":\"2021-06-16T10:58:12+00:00\",\"mainEntityOfPage\":{\"@id\":\"https:\/\/www.lca-sued.at\/sl\/2021\/06\/16\/kooperationsanbahnungen-in-triest\/\"},\"wordCount\":215,\"publisher\":{\"@id\":\"https:\/\/www.lca-sued.at\/#organization\"},\"image\":{\"@id\":\"https:\/\/www.lca-sued.at\/sl\/2021\/06\/16\/kooperationsanbahnungen-in-triest\/#primaryimage\"},\"thumbnailUrl\":\"https:\/\/www.lca-sued.at\/wp-content\/uploads\/2021\/06\/PhotoGrid_1623840941550.jpg\",\"articleSection\":[\"Unkategorisiert\"],\"inLanguage\":\"sl-SI\"},{\"@type\":\"WebPage\",\"@id\":\"https:\/\/www.lca-sued.at\/sl\/2021\/06\/16\/kooperationsanbahnungen-in-triest\/\",\"url\":\"https:\/\/www.lca-sued.at\/sl\/2021\/06\/16\/kooperationsanbahnungen-in-triest\/\",\"name\":\"Kooperationsanbahnungen in Triest - LCA SUED\",\"isPartOf\":{\"@id\":\"https:\/\/www.lca-sued.at\/#website\"},\"primaryImageOfPage\":{\"@id\":\"https:\/\/www.lca-sued.at\/sl\/2021\/06\/16\/kooperationsanbahnungen-in-triest\/#primaryimage\"},\"image\":{\"@id\":\"https:\/\/www.lca-sued.at\/sl\/2021\/06\/16\/kooperationsanbahnungen-in-triest\/#primaryimage\"},\"thumbnailUrl\":\"https:\/\/www.lca-sued.at\/wp-content\/uploads\/2021\/06\/PhotoGrid_1623840941550.jpg\",\"datePublished\":\"2021-06-16T10:58:12+00:00\",\"breadcrumb\":{\"@id\":\"https:\/\/www.lca-sued.at\/sl\/2021\/06\/16\/kooperationsanbahnungen-in-triest\/#breadcrumb\"},\"inLanguage\":\"sl-SI\",\"potentialAction\":[{\"@type\":\"ReadAction\",\"target\":[\"https:\/\/www.lca-sued.at\/sl\/2021\/06\/16\/kooperationsanbahnungen-in-triest\/\"]}]},{\"@type\":\"ImageObject\",\"inLanguage\":\"sl-SI\",\"@id\":\"https:\/\/www.lca-sued.at\/sl\/2021\/06\/16\/kooperationsanbahnungen-in-triest\/#primaryimage\",\"url\":\"https:\/\/www.lca-sued.at\/wp-content\/uploads\/2021\/06\/PhotoGrid_1623840941550.jpg\",\"contentUrl\":\"https:\/\/www.lca-sued.at\/wp-content\/uploads\/2021\/06\/PhotoGrid_1623840941550.jpg\"},{\"@type\":\"BreadcrumbList\",\"@id\":\"https:\/\/www.lca-sued.at\/sl\/2021\/06\/16\/kooperationsanbahnungen-in-triest\/#breadcrumb\",\"itemListElement\":[{\"@type\":\"ListItem\",\"position\":1,\"name\":\"Startseite\",\"item\":\"https:\/\/www.lca-sued.at\/sl\/\"},{\"@type\":\"ListItem\",\"position\":2,\"name\":\"Kooperationsanbahnungen in Triest\"}]},{\"@type\":\"WebSite\",\"@id\":\"https:\/\/www.lca-sued.at\/#website\",\"url\":\"https:\/\/www.lca-sued.at\/\",\"name\":\"LCA SUED\",\"description\":\"LCA SUED\",\"publisher\":{\"@id\":\"https:\/\/www.lca-sued.at\/#organization\"},\"potentialAction\":[{\"@type\":\"SearchAction\",\"target\":{\"@type\":\"EntryPoint\",\"urlTemplate\":\"https:\/\/www.lca-sued.at\/?s={search_term_string}\"},\"query-input\":{\"@type\":\"PropertyValueSpecification\",\"valueRequired\":true,\"valueName\":\"search_term_string\"}}],\"inLanguage\":\"sl-SI\"},{\"@type\":\"Organization\",\"@id\":\"https:\/\/www.lca-sued.at\/#organization\",\"name\":\"LCA SUED\",\"url\":\"https:\/\/www.lca-sued.at\/\",\"logo\":{\"@type\":\"ImageObject\",\"inLanguage\":\"sl-SI\",\"@id\":\"https:\/\/www.lca-sued.at\/#\/schema\/logo\/image\/\",\"url\":\"https:\/\/www.lca-sued.at\/wp-content\/uploads\/2017\/08\/lca_logo.png\",\"contentUrl\":\"https:\/\/www.lca-sued.at\/wp-content\/uploads\/2017\/08\/lca_logo.png\",\"width\":167,\"height\":108,\"caption\":\"LCA SUED\"},\"image\":{\"@id\":\"https:\/\/www.lca-sued.at\/#\/schema\/logo\/image\/\"},\"sameAs\":[\"https:\/\/www.linkedin.com\/company\/lca-south\/\"]},{\"@type\":\"Person\",\"@id\":\"https:\/\/www.lca-sued.at\/#\/schema\/person\/34aa46e7a8dd8dc1bb17f82164ab0d3e\",\"name\":\"Suzana Jakovljevic\",\"image\":{\"@type\":\"ImageObject\",\"inLanguage\":\"sl-SI\",\"@id\":\"https:\/\/www.lca-sued.at\/#\/schema\/person\/image\/\",\"url\":\"https:\/\/secure.gravatar.com\/avatar\/b132271ef8dde1367b8d03c6b6def65120ac14f829a088db4110bef152e9bc34?s=96&d=mm&r=g\",\"contentUrl\":\"https:\/\/secure.gravatar.com\/avatar\/b132271ef8dde1367b8d03c6b6def65120ac14f829a088db4110bef152e9bc34?s=96&d=mm&r=g\",\"caption\":\"Suzana Jakovljevic\"},\"url\":\"https:\/\/www.lca-sued.at\/sl\/author\/lca-petschnig\/\"}]}<\/script>\n<!-- \/ Yoast SEO plugin. -->","yoast_head_json":{"title":"Kooperationsanbahnungen in Triest - LCA SUED","robots":{"index":"index","follow":"follow","max-snippet":"max-snippet:-1","max-image-preview":"max-image-preview:large","max-video-preview":"max-video-preview:-1"},"canonical":"https:\/\/www.lca-sued.at\/sl\/2021\/06\/16\/kooperationsanbahnungen-in-triest\/","og_locale":"sl_SI","og_type":"article","og_title":"Kooperationsanbahnungen in Triest - LCA SUED","og_description":"Endlich war es wieder soweit\u2026\u2026erste pers\u00f6nliche Kooperationsgespr\u00e4che nach der digitalen \u201eCorona-Zeit\u201c &nbsp; Treffen mit dem Traditionshaus Francesco Parisi Casa di [&hellip;]","og_url":"https:\/\/www.lca-sued.at\/sl\/2021\/06\/16\/kooperationsanbahnungen-in-triest\/","og_site_name":"LCA SUED","article_published_time":"2021-06-16T10:58:12+00:00","og_image":[{"url":"https:\/\/www.lca-sued.at\/wp-content\/uploads\/2021\/06\/PhotoGrid_1623840941550.jpg","type":"","width":"","height":""}],"author":"Suzana Jakovljevic","twitter_card":"summary_large_image","twitter_misc":{"Written by":"Suzana Jakovljevic","Est. reading time":"2 minuti"},"schema":{"@context":"https:\/\/schema.org","@graph":[{"@type":"Article","@id":"https:\/\/www.lca-sued.at\/sl\/2021\/06\/16\/kooperationsanbahnungen-in-triest\/#article","isPartOf":{"@id":"https:\/\/www.lca-sued.at\/sl\/2021\/06\/16\/kooperationsanbahnungen-in-triest\/"},"author":{"name":"Suzana Jakovljevic","@id":"https:\/\/www.lca-sued.at\/#\/schema\/person\/34aa46e7a8dd8dc1bb17f82164ab0d3e"},"headline":"Kooperationsanbahnungen in Triest","datePublished":"2021-06-16T10:58:12+00:00","mainEntityOfPage":{"@id":"https:\/\/www.lca-sued.at\/sl\/2021\/06\/16\/kooperationsanbahnungen-in-triest\/"},"wordCount":215,"publisher":{"@id":"https:\/\/www.lca-sued.at\/#organization"},"image":{"@id":"https:\/\/www.lca-sued.at\/sl\/2021\/06\/16\/kooperationsanbahnungen-in-triest\/#primaryimage"},"thumbnailUrl":"https:\/\/www.lca-sued.at\/wp-content\/uploads\/2021\/06\/PhotoGrid_1623840941550.jpg","articleSection":["Unkategorisiert"],"inLanguage":"sl-SI"},{"@type":"WebPage","@id":"https:\/\/www.lca-sued.at\/sl\/2021\/06\/16\/kooperationsanbahnungen-in-triest\/","url":"https:\/\/www.lca-sued.at\/sl\/2021\/06\/16\/kooperationsanbahnungen-in-triest\/","name":"Kooperationsanbahnungen in Triest - LCA SUED","isPartOf":{"@id":"https:\/\/www.lca-sued.at\/#website"},"primaryImageOfPage":{"@id":"https:\/\/www.lca-sued.at\/sl\/2021\/06\/16\/kooperationsanbahnungen-in-triest\/#primaryimage"},"image":{"@id":"https:\/\/www.lca-sued.at\/sl\/2021\/06\/16\/kooperationsanbahnungen-in-triest\/#primaryimage"},"thumbnailUrl":"https:\/\/www.lca-sued.at\/wp-content\/uploads\/2021\/06\/PhotoGrid_1623840941550.jpg","datePublished":"2021-06-16T10:58:12+00:00","breadcrumb":{"@id":"https:\/\/www.lca-sued.at\/sl\/2021\/06\/16\/kooperationsanbahnungen-in-triest\/#breadcrumb"},"inLanguage":"sl-SI","potentialAction":[{"@type":"ReadAction","target":["https:\/\/www.lca-sued.at\/sl\/2021\/06\/16\/kooperationsanbahnungen-in-triest\/"]}]},{"@type":"ImageObject","inLanguage":"sl-SI","@id":"https:\/\/www.lca-sued.at\/sl\/2021\/06\/16\/kooperationsanbahnungen-in-triest\/#primaryimage","url":"https:\/\/www.lca-sued.at\/wp-content\/uploads\/2021\/06\/PhotoGrid_1623840941550.jpg","contentUrl":"https:\/\/www.lca-sued.at\/wp-content\/uploads\/2021\/06\/PhotoGrid_1623840941550.jpg"},{"@type":"BreadcrumbList","@id":"https:\/\/www.lca-sued.at\/sl\/2021\/06\/16\/kooperationsanbahnungen-in-triest\/#breadcrumb","itemListElement":[{"@type":"ListItem","position":1,"name":"Startseite","item":"https:\/\/www.lca-sued.at\/sl\/"},{"@type":"ListItem","position":2,"name":"Kooperationsanbahnungen in Triest"}]},{"@type":"WebSite","@id":"https:\/\/www.lca-sued.at\/#website","url":"https:\/\/www.lca-sued.at\/","name":"LCA SUED","description":"LCA SUED","publisher":{"@id":"https:\/\/www.lca-sued.at\/#organization"},"potentialAction":[{"@type":"SearchAction","target":{"@type":"EntryPoint","urlTemplate":"https:\/\/www.lca-sued.at\/?s={search_term_string}"},"query-input":{"@type":"PropertyValueSpecification","valueRequired":true,"valueName":"search_term_string"}}],"inLanguage":"sl-SI"},{"@type":"Organization","@id":"https:\/\/www.lca-sued.at\/#organization","name":"LCA SUED","url":"https:\/\/www.lca-sued.at\/","logo":{"@type":"ImageObject","inLanguage":"sl-SI","@id":"https:\/\/www.lca-sued.at\/#\/schema\/logo\/image\/","url":"https:\/\/www.lca-sued.at\/wp-content\/uploads\/2017\/08\/lca_logo.png","contentUrl":"https:\/\/www.lca-sued.at\/wp-content\/uploads\/2017\/08\/lca_logo.png","width":167,"height":108,"caption":"LCA SUED"},"image":{"@id":"https:\/\/www.lca-sued.at\/#\/schema\/logo\/image\/"},"sameAs":["https:\/\/www.linkedin.com\/company\/lca-south\/"]},{"@type":"Person","@id":"https:\/\/www.lca-sued.at\/#\/schema\/person\/34aa46e7a8dd8dc1bb17f82164ab0d3e","name":"Suzana Jakovljevic","image":{"@type":"ImageObject","inLanguage":"sl-SI","@id":"https:\/\/www.lca-sued.at\/#\/schema\/person\/image\/","url":"https:\/\/secure.gravatar.com\/avatar\/b132271ef8dde1367b8d03c6b6def65120ac14f829a088db4110bef152e9bc34?s=96&d=mm&r=g","contentUrl":"https:\/\/secure.gravatar.com\/avatar\/b132271ef8dde1367b8d03c6b6def65120ac14f829a088db4110bef152e9bc34?s=96&d=mm&r=g","caption":"Suzana Jakovljevic"},"url":"https:\/\/www.lca-sued.at\/sl\/author\/lca-petschnig\/"}]}},"_links":{"self":[{"href":"https:\/\/www.lca-sued.at\/sl\/wp-json\/wp\/v2\/posts\/2857","targetHints":{"allow":["GET"]}}],"collection":[{"href":"https:\/\/www.lca-sued.at\/sl\/wp-json\/wp\/v2\/posts"}],"about":[{"href":"https:\/\/www.lca-sued.at\/sl\/wp-json\/wp\/v2\/types\/post"}],"author":[{"embeddable":true,"href":"https:\/\/www.lca-sued.at\/sl\/wp-json\/wp\/v2\/users\/4"}],"replies":[{"embeddable":true,"href":"https:\/\/www.lca-sued.at\/sl\/wp-json\/wp\/v2\/comments?post=2857"}],"version-history":[{"count":0,"href":"https:\/\/www.lca-sued.at\/sl\/wp-json\/wp\/v2\/posts\/2857\/revisions"}],"wp:attachment":[{"href":"https:\/\/www.lca-sued.at\/sl\/wp-json\/wp\/v2\/media?parent=2857"}],"wp:term":[{"taxonomy":"category","embeddable":true,"href":"https:\/\/www.lca-sued.at\/sl\/wp-json\/wp\/v2\/categories?post=2857"},{"taxonomy":"post_tag","embeddable":true,"href":"https:\/\/www.lca-sued.at\/sl\/wp-json\/wp\/v2\/tags?post=2857"}],"curies":[{"name":"wp","href":"https:\/\/api.w.org\/{rel}","templated":true}]}}