{"id":4476,"date":"2023-03-06T11:12:54","date_gmt":"2023-03-06T10:12:54","guid":{"rendered":"https:\/\/www.lca-sued.at\/2023\/03\/06\/30-3-2023-cccc-customs-corridor-crossborder-cooperations-fuernitz\/"},"modified":"2023-03-13T11:57:47","modified_gmt":"2023-03-13T10:57:47","slug":"30-3-2023-cccc-customs-corridor-crossborder-cooperations-fuernitz","status":"publish","type":"post","link":"https:\/\/www.lca-sued.at\/it\/2023\/03\/06\/30-3-2023-cccc-customs-corridor-crossborder-cooperations-fuernitz\/","title":{"rendered":"30.3.2023 &#8211; CCCC Customs Corridor &#8211; Crossborder Cooperations F\u00fcrnitz"},"content":{"rendered":"<h2>1\u00b0 Corridoio doganale ferroviario transfrontaliero europeo pronto a partire<\/h2>\n<h3>Il primo e unico corridoio doganale ferroviario transfrontaliero nella storia d&#8217;Europa \u00e8 stato ufficialmente concordato tra Austria e Italia. Dal secondo trimestre del 2023, i container in arrivo nel porto di Trieste potranno essere caricati direttamente dalla nave sul treno e lo sdoganamento potr\u00e0 essere preparato durante il viaggio per l&#8217;Interporto LCA Logistik Center Austria S\u00fcd a F\u00fcrnitz|Villaco Sud. Processi pi\u00f9 rapidi e risparmi sui costi creano incentivi per le aziende.<br \/>\nScopri in prima persona quali vantaggi ti aspettano offerti dal prodotto innovativo.<\/h3>\n<p>Il primo e finora unico corridoio doganale ferroviario transfrontaliero dell&#8217;UE tra il porto di Trieste e il LCA Logistik Center Austria S\u00fcd a Villach\/F\u00fcrnitz inizier\u00e0 quest&#8217;anno le operazioni pilota. I container in arrivo nel porto di Trieste possono quindi essere caricati direttamente dalla nave sul treno merci e intraprendere il viaggio verso nord senza procedure doganali, fino a Villach S\u00fcd | Furnitz. Dopo che la merce \u00e8 arrivata in Austria, viene effettuato lo sdoganamento.<\/p>\n<p>Un grande vantaggio \u00e8 che le merci vengono trasportate pi\u00f9 velocemente e con meno oneri amministrativi doganali, consentendo cos\u00ec un aumento dei trasferimenti di traffico tra la nave e la ferrovia, molto pi\u00f9 rispettosa del clima. Sostenibilit\u00e0, insediamenti aziendali e posti di lavoro importanti dovrebbero andare di pari passo con l&#8217;introduzione del nuovo prodotto doganale e ferroviario. I controlli di sicurezza e i controlli sanitari obbligatori, come prima, saranno effettuati nel porto di Trieste. Il regolare funzionamento dovrebbe iniziare nel corso del 2023.<\/p>\n<p>Puoi scoprire di pi\u00f9 sull&#8217;innovativo prodotto ferroviario di RCA Rail Cargo Austria al nostro evento informativo<\/p>\n<p><strong>30.3.2023 , Ore 10.00<\/strong><\/p>\n<p><strong>LCA Logistik Center Austria S\u00fcd GmbH (4\u00b0 piano, Sala riunioni della TSA)<\/strong><\/p>\n<p><strong>Hart 100,\u00a0<\/strong><strong>9586 F\u00fcrnitz | Austria<\/strong><\/p>\n<p>In seguito Ti inviteremo al networking con i rappresentanti delle societ\u00e0 di spedizioni carinziane.<\/p>\n<p><strong>Programma<\/strong><\/p>\n<p>Welcome &amp; Saluti di benvenuto | Ore 10.00<\/p>\n<p>Relazioni | Ore 10.15<\/p>\n<p style=\"padding-left: 40px;\"><strong>LCASud: dall\u2019agenzia di sviluppo al centro di competenz<\/strong>a<br \/>\nJulia FeinigFreunschlag<br \/>\nAmministratore delegato LCA Logistik Center Austria S\u00fcd GmbH<br \/>\n<strong>Portafoglio prodotti del Combi Cargo Terminal F\u00fcrnitz|Villach S\u00fcd<\/strong><br \/>\nJulia Felden | Reinhard Papp<br \/>\nDirettore terminale CCT Villach | Key Account Sales TSA Terminal Service Austria<br \/>\n<strong>Servizi ferroviari supplementari dell\u2019\u00d6BB Infra AG<\/strong><br \/>\nMichael Bares<br \/>\nDirettore Vendite Accesso Rete Netzzugang \u00d6BB Infra<br \/>\n<strong>1\u00b0 Corridoio ferroviario doganale transfrontaliero in Europa<\/strong><br \/>\nIvica Spajic<br \/>\nVendite RCA Rail Cargo Austria<br \/>\n<strong>Gestione operativa del corridoio ferroviario doganale<\/strong> Gerald Weichselbaum<br \/>\nService Delivery Support \u2013 Processes, Quality, Customs and Basics<br \/>\nCustoms RCA Rail Cargo Austria<\/p>\n<p>Domande e discussione | Ore 12.00<\/p>\n<p>Light Lunch | Ore 12.30<\/p>\n<p>Sessioni paralleli | Ore 13.15<br \/>\nB2B Matchmaking tra case di spedizioni carinziane e triestine<br \/>\nDibattito di cooperazione con Interporto di Trieste|RCA|TSA<\/p>\n<p>In seguito e su richiesta visita al terminal<\/p>\n<p>&nbsp;<\/p>\n<p>La partecipazione \u00e8 gratuita, per motivi organizattivi vi chiediamo di registrarvi entro il 27 marzo: office@lca-sued.at o www.lca-sued.at\/news\/event\/<\/p>\n","protected":false},"excerpt":{"rendered":"<p>1\u00b0 Corridoio doganale ferroviario transfrontaliero europeo pronto a partire Il primo e unico corridoio doganale ferroviario transfrontaliero nella storia d&#8217;Europa [&hellip;]<\/p>\n","protected":false},"author":4,"featured_media":4464,"comment_status":"closed","ping_status":"open","sticky":false,"template":"","format":"standard","meta":{"_acf_changed":false,"footnotes":""},"categories":[59],"tags":[],"class_list":["post-4476","post","type-post","status-publish","format-standard","has-post-thumbnail","hentry","category-eventi"],"acf":[],"yoast_head":"<!-- This site is optimized with the Yoast SEO plugin v27.0 - https:\/\/yoast.com\/product\/yoast-seo-wordpress\/ -->\n<title>30.3.2023 - CCCC Customs Corridor - Crossborder Cooperations F\u00fcrnitz - LCA SUED<\/title>\n<meta name=\"robots\" content=\"index, follow, max-snippet:-1, max-image-preview:large, max-video-preview:-1\" \/>\n<link rel=\"canonical\" href=\"https:\/\/www.lca-sued.at\/it\/2023\/03\/06\/30-3-2023-cccc-customs-corridor-crossborder-cooperations-fuernitz\/\" \/>\n<meta property=\"og:locale\" content=\"it_IT\" \/>\n<meta property=\"og:type\" content=\"article\" \/>\n<meta property=\"og:title\" content=\"30.3.2023 - CCCC Customs Corridor - Crossborder Cooperations F\u00fcrnitz - LCA SUED\" \/>\n<meta property=\"og:description\" content=\"1\u00b0 Corridoio doganale ferroviario transfrontaliero europeo pronto a partire Il primo e unico corridoio doganale ferroviario transfrontaliero nella storia d&#8217;Europa [&hellip;]\" \/>\n<meta property=\"og:url\" content=\"https:\/\/www.lca-sued.at\/it\/2023\/03\/06\/30-3-2023-cccc-customs-corridor-crossborder-cooperations-fuernitz\/\" \/>\n<meta property=\"og:site_name\" content=\"LCA SUED\" \/>\n<meta property=\"article:published_time\" content=\"2023-03-06T10:12:54+00:00\" \/>\n<meta property=\"article:modified_time\" content=\"2023-03-13T10:57:47+00:00\" \/>\n<meta property=\"og:image\" content=\"https:\/\/www.lca-sued.at\/wp-content\/uploads\/2023\/03\/Persoenliche-Einladung-CCC-Customs-Corridor-Crossborder-Cooperation_30.3.2023_Fuernitz_VS2_Seite_1-scaled.jpg\" \/>\n\t<meta property=\"og:image:width\" content=\"1839\" \/>\n\t<meta property=\"og:image:height\" content=\"2560\" \/>\n\t<meta property=\"og:image:type\" content=\"image\/jpeg\" \/>\n<meta name=\"author\" content=\"Suzana Jakovljevic\" \/>\n<meta name=\"twitter:card\" content=\"summary_large_image\" \/>\n<meta name=\"twitter:label1\" content=\"Scritto da\" \/>\n\t<meta name=\"twitter:data1\" content=\"Suzana Jakovljevic\" \/>\n\t<meta name=\"twitter:label2\" content=\"Tempo di lettura stimato\" \/>\n\t<meta name=\"twitter:data2\" content=\"2 minuti\" \/>\n<script type=\"application\/ld+json\" class=\"yoast-schema-graph\">{\"@context\":\"https:\/\/schema.org\",\"@graph\":[{\"@type\":\"Article\",\"@id\":\"https:\/\/www.lca-sued.at\/it\/2023\/03\/06\/30-3-2023-cccc-customs-corridor-crossborder-cooperations-fuernitz\/#article\",\"isPartOf\":{\"@id\":\"https:\/\/www.lca-sued.at\/it\/2023\/03\/06\/30-3-2023-cccc-customs-corridor-crossborder-cooperations-fuernitz\/\"},\"author\":{\"name\":\"Suzana Jakovljevic\",\"@id\":\"https:\/\/www.lca-sued.at\/#\/schema\/person\/34aa46e7a8dd8dc1bb17f82164ab0d3e\"},\"headline\":\"30.3.2023 &#8211; CCCC Customs Corridor &#8211; Crossborder Cooperations F\u00fcrnitz\",\"datePublished\":\"2023-03-06T10:12:54+00:00\",\"dateModified\":\"2023-03-13T10:57:47+00:00\",\"mainEntityOfPage\":{\"@id\":\"https:\/\/www.lca-sued.at\/it\/2023\/03\/06\/30-3-2023-cccc-customs-corridor-crossborder-cooperations-fuernitz\/\"},\"wordCount\":476,\"publisher\":{\"@id\":\"https:\/\/www.lca-sued.at\/#organization\"},\"image\":{\"@id\":\"https:\/\/www.lca-sued.at\/it\/2023\/03\/06\/30-3-2023-cccc-customs-corridor-crossborder-cooperations-fuernitz\/#primaryimage\"},\"thumbnailUrl\":\"https:\/\/www.lca-sued.at\/wp-content\/uploads\/2023\/03\/Persoenliche-Einladung-CCC-Customs-Corridor-Crossborder-Cooperation_30.3.2023_Fuernitz_VS2_Seite_1-scaled.jpg\",\"articleSection\":[\"Eventi\"],\"inLanguage\":\"it-IT\"},{\"@type\":\"WebPage\",\"@id\":\"https:\/\/www.lca-sued.at\/it\/2023\/03\/06\/30-3-2023-cccc-customs-corridor-crossborder-cooperations-fuernitz\/\",\"url\":\"https:\/\/www.lca-sued.at\/it\/2023\/03\/06\/30-3-2023-cccc-customs-corridor-crossborder-cooperations-fuernitz\/\",\"name\":\"30.3.2023 - CCCC Customs Corridor - Crossborder Cooperations F\u00fcrnitz - LCA SUED\",\"isPartOf\":{\"@id\":\"https:\/\/www.lca-sued.at\/#website\"},\"primaryImageOfPage\":{\"@id\":\"https:\/\/www.lca-sued.at\/it\/2023\/03\/06\/30-3-2023-cccc-customs-corridor-crossborder-cooperations-fuernitz\/#primaryimage\"},\"image\":{\"@id\":\"https:\/\/www.lca-sued.at\/it\/2023\/03\/06\/30-3-2023-cccc-customs-corridor-crossborder-cooperations-fuernitz\/#primaryimage\"},\"thumbnailUrl\":\"https:\/\/www.lca-sued.at\/wp-content\/uploads\/2023\/03\/Persoenliche-Einladung-CCC-Customs-Corridor-Crossborder-Cooperation_30.3.2023_Fuernitz_VS2_Seite_1-scaled.jpg\",\"datePublished\":\"2023-03-06T10:12:54+00:00\",\"dateModified\":\"2023-03-13T10:57:47+00:00\",\"breadcrumb\":{\"@id\":\"https:\/\/www.lca-sued.at\/it\/2023\/03\/06\/30-3-2023-cccc-customs-corridor-crossborder-cooperations-fuernitz\/#breadcrumb\"},\"inLanguage\":\"it-IT\",\"potentialAction\":[{\"@type\":\"ReadAction\",\"target\":[\"https:\/\/www.lca-sued.at\/it\/2023\/03\/06\/30-3-2023-cccc-customs-corridor-crossborder-cooperations-fuernitz\/\"]}]},{\"@type\":\"ImageObject\",\"inLanguage\":\"it-IT\",\"@id\":\"https:\/\/www.lca-sued.at\/it\/2023\/03\/06\/30-3-2023-cccc-customs-corridor-crossborder-cooperations-fuernitz\/#primaryimage\",\"url\":\"https:\/\/www.lca-sued.at\/wp-content\/uploads\/2023\/03\/Persoenliche-Einladung-CCC-Customs-Corridor-Crossborder-Cooperation_30.3.2023_Fuernitz_VS2_Seite_1-scaled.jpg\",\"contentUrl\":\"https:\/\/www.lca-sued.at\/wp-content\/uploads\/2023\/03\/Persoenliche-Einladung-CCC-Customs-Corridor-Crossborder-Cooperation_30.3.2023_Fuernitz_VS2_Seite_1-scaled.jpg\",\"width\":1839,\"height\":2560},{\"@type\":\"BreadcrumbList\",\"@id\":\"https:\/\/www.lca-sued.at\/it\/2023\/03\/06\/30-3-2023-cccc-customs-corridor-crossborder-cooperations-fuernitz\/#breadcrumb\",\"itemListElement\":[{\"@type\":\"ListItem\",\"position\":1,\"name\":\"Startseite\",\"item\":\"https:\/\/www.lca-sued.at\/it\/\"},{\"@type\":\"ListItem\",\"position\":2,\"name\":\"30.3.2023 &#8211; CCCC Customs Corridor &#8211; Crossborder Cooperations F\u00fcrnitz\"}]},{\"@type\":\"WebSite\",\"@id\":\"https:\/\/www.lca-sued.at\/#website\",\"url\":\"https:\/\/www.lca-sued.at\/\",\"name\":\"LCA SUED\",\"description\":\"LCA SUED\",\"publisher\":{\"@id\":\"https:\/\/www.lca-sued.at\/#organization\"},\"potentialAction\":[{\"@type\":\"SearchAction\",\"target\":{\"@type\":\"EntryPoint\",\"urlTemplate\":\"https:\/\/www.lca-sued.at\/?s={search_term_string}\"},\"query-input\":{\"@type\":\"PropertyValueSpecification\",\"valueRequired\":true,\"valueName\":\"search_term_string\"}}],\"inLanguage\":\"it-IT\"},{\"@type\":\"Organization\",\"@id\":\"https:\/\/www.lca-sued.at\/#organization\",\"name\":\"LCA SUED\",\"url\":\"https:\/\/www.lca-sued.at\/\",\"logo\":{\"@type\":\"ImageObject\",\"inLanguage\":\"it-IT\",\"@id\":\"https:\/\/www.lca-sued.at\/#\/schema\/logo\/image\/\",\"url\":\"https:\/\/www.lca-sued.at\/wp-content\/uploads\/2017\/08\/lca_logo.png\",\"contentUrl\":\"https:\/\/www.lca-sued.at\/wp-content\/uploads\/2017\/08\/lca_logo.png\",\"width\":167,\"height\":108,\"caption\":\"LCA SUED\"},\"image\":{\"@id\":\"https:\/\/www.lca-sued.at\/#\/schema\/logo\/image\/\"},\"sameAs\":[\"https:\/\/www.linkedin.com\/company\/lca-south\/\"]},{\"@type\":\"Person\",\"@id\":\"https:\/\/www.lca-sued.at\/#\/schema\/person\/34aa46e7a8dd8dc1bb17f82164ab0d3e\",\"name\":\"Suzana Jakovljevic\",\"image\":{\"@type\":\"ImageObject\",\"inLanguage\":\"it-IT\",\"@id\":\"https:\/\/www.lca-sued.at\/#\/schema\/person\/image\/\",\"url\":\"https:\/\/secure.gravatar.com\/avatar\/b132271ef8dde1367b8d03c6b6def65120ac14f829a088db4110bef152e9bc34?s=96&d=mm&r=g\",\"contentUrl\":\"https:\/\/secure.gravatar.com\/avatar\/b132271ef8dde1367b8d03c6b6def65120ac14f829a088db4110bef152e9bc34?s=96&d=mm&r=g\",\"caption\":\"Suzana Jakovljevic\"},\"url\":\"https:\/\/www.lca-sued.at\/it\/author\/lca-petschnig\/\"}]}<\/script>\n<!-- \/ Yoast SEO plugin. -->","yoast_head_json":{"title":"30.3.2023 - CCCC Customs Corridor - Crossborder Cooperations F\u00fcrnitz - LCA SUED","robots":{"index":"index","follow":"follow","max-snippet":"max-snippet:-1","max-image-preview":"max-image-preview:large","max-video-preview":"max-video-preview:-1"},"canonical":"https:\/\/www.lca-sued.at\/it\/2023\/03\/06\/30-3-2023-cccc-customs-corridor-crossborder-cooperations-fuernitz\/","og_locale":"it_IT","og_type":"article","og_title":"30.3.2023 - CCCC Customs Corridor - Crossborder Cooperations F\u00fcrnitz - LCA SUED","og_description":"1\u00b0 Corridoio doganale ferroviario transfrontaliero europeo pronto a partire Il primo e unico corridoio doganale ferroviario transfrontaliero nella storia d&#8217;Europa [&hellip;]","og_url":"https:\/\/www.lca-sued.at\/it\/2023\/03\/06\/30-3-2023-cccc-customs-corridor-crossborder-cooperations-fuernitz\/","og_site_name":"LCA SUED","article_published_time":"2023-03-06T10:12:54+00:00","article_modified_time":"2023-03-13T10:57:47+00:00","og_image":[{"width":1839,"height":2560,"url":"https:\/\/www.lca-sued.at\/wp-content\/uploads\/2023\/03\/Persoenliche-Einladung-CCC-Customs-Corridor-Crossborder-Cooperation_30.3.2023_Fuernitz_VS2_Seite_1-scaled.jpg","type":"image\/jpeg"}],"author":"Suzana Jakovljevic","twitter_card":"summary_large_image","twitter_misc":{"Scritto da":"Suzana Jakovljevic","Tempo di lettura stimato":"2 minuti"},"schema":{"@context":"https:\/\/schema.org","@graph":[{"@type":"Article","@id":"https:\/\/www.lca-sued.at\/it\/2023\/03\/06\/30-3-2023-cccc-customs-corridor-crossborder-cooperations-fuernitz\/#article","isPartOf":{"@id":"https:\/\/www.lca-sued.at\/it\/2023\/03\/06\/30-3-2023-cccc-customs-corridor-crossborder-cooperations-fuernitz\/"},"author":{"name":"Suzana Jakovljevic","@id":"https:\/\/www.lca-sued.at\/#\/schema\/person\/34aa46e7a8dd8dc1bb17f82164ab0d3e"},"headline":"30.3.2023 &#8211; CCCC Customs Corridor &#8211; Crossborder Cooperations F\u00fcrnitz","datePublished":"2023-03-06T10:12:54+00:00","dateModified":"2023-03-13T10:57:47+00:00","mainEntityOfPage":{"@id":"https:\/\/www.lca-sued.at\/it\/2023\/03\/06\/30-3-2023-cccc-customs-corridor-crossborder-cooperations-fuernitz\/"},"wordCount":476,"publisher":{"@id":"https:\/\/www.lca-sued.at\/#organization"},"image":{"@id":"https:\/\/www.lca-sued.at\/it\/2023\/03\/06\/30-3-2023-cccc-customs-corridor-crossborder-cooperations-fuernitz\/#primaryimage"},"thumbnailUrl":"https:\/\/www.lca-sued.at\/wp-content\/uploads\/2023\/03\/Persoenliche-Einladung-CCC-Customs-Corridor-Crossborder-Cooperation_30.3.2023_Fuernitz_VS2_Seite_1-scaled.jpg","articleSection":["Eventi"],"inLanguage":"it-IT"},{"@type":"WebPage","@id":"https:\/\/www.lca-sued.at\/it\/2023\/03\/06\/30-3-2023-cccc-customs-corridor-crossborder-cooperations-fuernitz\/","url":"https:\/\/www.lca-sued.at\/it\/2023\/03\/06\/30-3-2023-cccc-customs-corridor-crossborder-cooperations-fuernitz\/","name":"30.3.2023 - CCCC Customs Corridor - Crossborder Cooperations F\u00fcrnitz - LCA SUED","isPartOf":{"@id":"https:\/\/www.lca-sued.at\/#website"},"primaryImageOfPage":{"@id":"https:\/\/www.lca-sued.at\/it\/2023\/03\/06\/30-3-2023-cccc-customs-corridor-crossborder-cooperations-fuernitz\/#primaryimage"},"image":{"@id":"https:\/\/www.lca-sued.at\/it\/2023\/03\/06\/30-3-2023-cccc-customs-corridor-crossborder-cooperations-fuernitz\/#primaryimage"},"thumbnailUrl":"https:\/\/www.lca-sued.at\/wp-content\/uploads\/2023\/03\/Persoenliche-Einladung-CCC-Customs-Corridor-Crossborder-Cooperation_30.3.2023_Fuernitz_VS2_Seite_1-scaled.jpg","datePublished":"2023-03-06T10:12:54+00:00","dateModified":"2023-03-13T10:57:47+00:00","breadcrumb":{"@id":"https:\/\/www.lca-sued.at\/it\/2023\/03\/06\/30-3-2023-cccc-customs-corridor-crossborder-cooperations-fuernitz\/#breadcrumb"},"inLanguage":"it-IT","potentialAction":[{"@type":"ReadAction","target":["https:\/\/www.lca-sued.at\/it\/2023\/03\/06\/30-3-2023-cccc-customs-corridor-crossborder-cooperations-fuernitz\/"]}]},{"@type":"ImageObject","inLanguage":"it-IT","@id":"https:\/\/www.lca-sued.at\/it\/2023\/03\/06\/30-3-2023-cccc-customs-corridor-crossborder-cooperations-fuernitz\/#primaryimage","url":"https:\/\/www.lca-sued.at\/wp-content\/uploads\/2023\/03\/Persoenliche-Einladung-CCC-Customs-Corridor-Crossborder-Cooperation_30.3.2023_Fuernitz_VS2_Seite_1-scaled.jpg","contentUrl":"https:\/\/www.lca-sued.at\/wp-content\/uploads\/2023\/03\/Persoenliche-Einladung-CCC-Customs-Corridor-Crossborder-Cooperation_30.3.2023_Fuernitz_VS2_Seite_1-scaled.jpg","width":1839,"height":2560},{"@type":"BreadcrumbList","@id":"https:\/\/www.lca-sued.at\/it\/2023\/03\/06\/30-3-2023-cccc-customs-corridor-crossborder-cooperations-fuernitz\/#breadcrumb","itemListElement":[{"@type":"ListItem","position":1,"name":"Startseite","item":"https:\/\/www.lca-sued.at\/it\/"},{"@type":"ListItem","position":2,"name":"30.3.2023 &#8211; CCCC Customs Corridor &#8211; Crossborder Cooperations F\u00fcrnitz"}]},{"@type":"WebSite","@id":"https:\/\/www.lca-sued.at\/#website","url":"https:\/\/www.lca-sued.at\/","name":"LCA SUED","description":"LCA SUED","publisher":{"@id":"https:\/\/www.lca-sued.at\/#organization"},"potentialAction":[{"@type":"SearchAction","target":{"@type":"EntryPoint","urlTemplate":"https:\/\/www.lca-sued.at\/?s={search_term_string}"},"query-input":{"@type":"PropertyValueSpecification","valueRequired":true,"valueName":"search_term_string"}}],"inLanguage":"it-IT"},{"@type":"Organization","@id":"https:\/\/www.lca-sued.at\/#organization","name":"LCA SUED","url":"https:\/\/www.lca-sued.at\/","logo":{"@type":"ImageObject","inLanguage":"it-IT","@id":"https:\/\/www.lca-sued.at\/#\/schema\/logo\/image\/","url":"https:\/\/www.lca-sued.at\/wp-content\/uploads\/2017\/08\/lca_logo.png","contentUrl":"https:\/\/www.lca-sued.at\/wp-content\/uploads\/2017\/08\/lca_logo.png","width":167,"height":108,"caption":"LCA SUED"},"image":{"@id":"https:\/\/www.lca-sued.at\/#\/schema\/logo\/image\/"},"sameAs":["https:\/\/www.linkedin.com\/company\/lca-south\/"]},{"@type":"Person","@id":"https:\/\/www.lca-sued.at\/#\/schema\/person\/34aa46e7a8dd8dc1bb17f82164ab0d3e","name":"Suzana Jakovljevic","image":{"@type":"ImageObject","inLanguage":"it-IT","@id":"https:\/\/www.lca-sued.at\/#\/schema\/person\/image\/","url":"https:\/\/secure.gravatar.com\/avatar\/b132271ef8dde1367b8d03c6b6def65120ac14f829a088db4110bef152e9bc34?s=96&d=mm&r=g","contentUrl":"https:\/\/secure.gravatar.com\/avatar\/b132271ef8dde1367b8d03c6b6def65120ac14f829a088db4110bef152e9bc34?s=96&d=mm&r=g","caption":"Suzana Jakovljevic"},"url":"https:\/\/www.lca-sued.at\/it\/author\/lca-petschnig\/"}]}},"_links":{"self":[{"href":"https:\/\/www.lca-sued.at\/it\/wp-json\/wp\/v2\/posts\/4476","targetHints":{"allow":["GET"]}}],"collection":[{"href":"https:\/\/www.lca-sued.at\/it\/wp-json\/wp\/v2\/posts"}],"about":[{"href":"https:\/\/www.lca-sued.at\/it\/wp-json\/wp\/v2\/types\/post"}],"author":[{"embeddable":true,"href":"https:\/\/www.lca-sued.at\/it\/wp-json\/wp\/v2\/users\/4"}],"replies":[{"embeddable":true,"href":"https:\/\/www.lca-sued.at\/it\/wp-json\/wp\/v2\/comments?post=4476"}],"version-history":[{"count":2,"href":"https:\/\/www.lca-sued.at\/it\/wp-json\/wp\/v2\/posts\/4476\/revisions"}],"predecessor-version":[{"id":4515,"href":"https:\/\/www.lca-sued.at\/it\/wp-json\/wp\/v2\/posts\/4476\/revisions\/4515"}],"wp:featuredmedia":[{"embeddable":true,"href":"https:\/\/www.lca-sued.at\/it\/wp-json\/wp\/v2\/media\/4464"}],"wp:attachment":[{"href":"https:\/\/www.lca-sued.at\/it\/wp-json\/wp\/v2\/media?parent=4476"}],"wp:term":[{"taxonomy":"category","embeddable":true,"href":"https:\/\/www.lca-sued.at\/it\/wp-json\/wp\/v2\/categories?post=4476"},{"taxonomy":"post_tag","embeddable":true,"href":"https:\/\/www.lca-sued.at\/it\/wp-json\/wp\/v2\/tags?post=4476"}],"curies":[{"name":"wp","href":"https:\/\/api.w.org\/{rel}","templated":true}]}}