{"id":4442,"date":"2023-02-21T15:18:54","date_gmt":"2023-02-21T14:18:54","guid":{"rendered":"https:\/\/www.lca-sued.at\/2023\/02\/21\/11-5-2023-alps-adriatic-logtalktransport-logistic-2023-monaco-di-baviera-serata-carinzia-siate-presenti\/"},"modified":"2023-03-06T13:04:10","modified_gmt":"2023-03-06T12:04:10","slug":"11-5-2023-alps-adriatic-logtalktransport-logistic-2023-monaco-di-baviera-serata-carinzia-siate-presenti","status":"publish","type":"post","link":"https:\/\/www.lca-sued.at\/it\/2023\/02\/21\/11-5-2023-alps-adriatic-logtalktransport-logistic-2023-monaco-di-baviera-serata-carinzia-siate-presenti\/","title":{"rendered":"11.5.2023 &#8220;Alps-Adriatic LogTalk@Transport Logistic 2023 Monaco di Baviera | Serata-Carinzia &#8211; Siate presenti!"},"content":{"rendered":"<h2><strong>NEL CONTESTO DELLA FIERA LEADER MONDIALE DEL TRASPORTO E LOGISTICA 2023 A MONACO DI BAVIERA DAL 9 AL 12 MAGGIO 2023, LCA LOGISTIK CENTER AUSTRIA S\u00dcD (INTERPORTO CARINZIA) ORGANIZZA UNA SERATA CARINZIANA.<\/strong><\/h2>\n<p>L&#8217;evento informale di incontro, con il motto &#8220;K\u00e4rnten hat Meer&#8221; (Carinzia@Mare&#8221;), circondato dalla cucina tradizionale di Carinzia, si terr\u00e0 il 11 maggio alle 18.00 presso lo stand di \u00d6BB Infra (222) nel padiglione B6.<\/p>\n<p>L&#8217;obiettivo della serata di networking \u00e8 quello di mettere in luce la posizione strategica della business location Carinzia e creare uno spazio accogliente per conversazioni con contatti esistenti e nuovi. Alcuni sponsor selezionati hanno accettato di portare delizie culinarie carinziane a Monaco di Baviera per far assaggiare ai partecipanti.<\/p>\n<p>Il target della Serata Carinziana sono partners internazionali e professionisti dei settori trasporto e logistica che hanno interesse per la posizione strategica della Carinzia e per le competenze logistiche della regione Alpe-Adria.<\/p>\n<p>Anche voi volete partecipare? Allora iscrivetevi qui, i posti sono limitati. Partecipazione gratuita.<\/p>\n<p>&nbsp;<\/p>\n","protected":false},"excerpt":{"rendered":"<p>NEL CONTESTO DELLA FIERA LEADER MONDIALE DEL TRASPORTO E LOGISTICA 2023 A MONACO DI BAVIERA DAL 9 AL 12 MAGGIO [&hellip;]<\/p>\n","protected":false},"author":4,"featured_media":4836,"comment_status":"closed","ping_status":"open","sticky":false,"template":"","format":"standard","meta":{"_acf_changed":false,"footnotes":""},"categories":[59],"tags":[],"class_list":["post-4442","post","type-post","status-publish","format-standard","has-post-thumbnail","hentry","category-eventi"],"acf":[],"yoast_head":"<!-- This site is optimized with the Yoast SEO plugin v27.0 - https:\/\/yoast.com\/product\/yoast-seo-wordpress\/ -->\n<title>11.5.2023 &quot;Alps-Adriatic LogTalk@Transport Logistic 2023 Monaco di Baviera | Serata-Carinzia - Siate presenti! - LCA SUED<\/title>\n<meta name=\"robots\" content=\"index, follow, max-snippet:-1, max-image-preview:large, max-video-preview:-1\" \/>\n<link rel=\"canonical\" href=\"https:\/\/www.lca-sued.at\/it\/2023\/02\/21\/11-5-2023-alps-adriatic-logtalktransport-logistic-2023-monaco-di-baviera-serata-carinzia-siate-presenti\/\" \/>\n<meta property=\"og:locale\" content=\"it_IT\" \/>\n<meta property=\"og:type\" content=\"article\" \/>\n<meta property=\"og:title\" content=\"11.5.2023 &quot;Alps-Adriatic LogTalk@Transport Logistic 2023 Monaco di Baviera | Serata-Carinzia - Siate presenti! - LCA SUED\" \/>\n<meta property=\"og:description\" content=\"NEL CONTESTO DELLA FIERA LEADER MONDIALE DEL TRASPORTO E LOGISTICA 2023 A MONACO DI BAVIERA DAL 9 AL 12 MAGGIO [&hellip;]\" \/>\n<meta property=\"og:url\" content=\"https:\/\/www.lca-sued.at\/it\/2023\/02\/21\/11-5-2023-alps-adriatic-logtalktransport-logistic-2023-monaco-di-baviera-serata-carinzia-siate-presenti\/\" \/>\n<meta property=\"og:site_name\" content=\"LCA SUED\" \/>\n<meta property=\"article:published_time\" content=\"2023-02-21T14:18:54+00:00\" \/>\n<meta property=\"article:modified_time\" content=\"2023-03-06T12:04:10+00:00\" \/>\n<meta property=\"og:image\" content=\"https:\/\/www.lca-sued.at\/wp-content\/uploads\/2023\/02\/SAVE-THE-DATE_Personal-invitation_LCA-SUED-LOGTALK@transport-logistic_11.05._6-pm-scaled.jpg\" \/>\n\t<meta property=\"og:image:width\" content=\"2560\" \/>\n\t<meta property=\"og:image:height\" content=\"2560\" \/>\n\t<meta property=\"og:image:type\" content=\"image\/jpeg\" \/>\n<meta name=\"author\" content=\"Suzana Jakovljevic\" \/>\n<meta name=\"twitter:card\" content=\"summary_large_image\" \/>\n<meta name=\"twitter:label1\" content=\"Scritto da\" \/>\n\t<meta name=\"twitter:data1\" content=\"Suzana Jakovljevic\" \/>\n\t<meta name=\"twitter:label2\" content=\"Tempo di lettura stimato\" \/>\n\t<meta name=\"twitter:data2\" content=\"1 minuto\" \/>\n<script type=\"application\/ld+json\" class=\"yoast-schema-graph\">{\"@context\":\"https:\/\/schema.org\",\"@graph\":[{\"@type\":\"Article\",\"@id\":\"https:\/\/www.lca-sued.at\/it\/2023\/02\/21\/11-5-2023-alps-adriatic-logtalktransport-logistic-2023-monaco-di-baviera-serata-carinzia-siate-presenti\/#article\",\"isPartOf\":{\"@id\":\"https:\/\/www.lca-sued.at\/it\/2023\/02\/21\/11-5-2023-alps-adriatic-logtalktransport-logistic-2023-monaco-di-baviera-serata-carinzia-siate-presenti\/\"},\"author\":{\"name\":\"Suzana Jakovljevic\",\"@id\":\"https:\/\/www.lca-sued.at\/#\/schema\/person\/34aa46e7a8dd8dc1bb17f82164ab0d3e\"},\"headline\":\"11.5.2023 &#8220;Alps-Adriatic LogTalk@Transport Logistic 2023 Monaco di Baviera | Serata-Carinzia &#8211; Siate presenti!\",\"datePublished\":\"2023-02-21T14:18:54+00:00\",\"dateModified\":\"2023-03-06T12:04:10+00:00\",\"mainEntityOfPage\":{\"@id\":\"https:\/\/www.lca-sued.at\/it\/2023\/02\/21\/11-5-2023-alps-adriatic-logtalktransport-logistic-2023-monaco-di-baviera-serata-carinzia-siate-presenti\/\"},\"wordCount\":169,\"publisher\":{\"@id\":\"https:\/\/www.lca-sued.at\/#organization\"},\"image\":{\"@id\":\"https:\/\/www.lca-sued.at\/it\/2023\/02\/21\/11-5-2023-alps-adriatic-logtalktransport-logistic-2023-monaco-di-baviera-serata-carinzia-siate-presenti\/#primaryimage\"},\"thumbnailUrl\":\"https:\/\/www.lca-sued.at\/wp-content\/uploads\/2023\/02\/SAVE-THE-DATE_Personal-invitation_LCA-SUED-LOGTALK@transport-logistic_11.05._6.15-pm-scaled.jpg\",\"articleSection\":[\"Eventi\"],\"inLanguage\":\"it-IT\"},{\"@type\":\"WebPage\",\"@id\":\"https:\/\/www.lca-sued.at\/it\/2023\/02\/21\/11-5-2023-alps-adriatic-logtalktransport-logistic-2023-monaco-di-baviera-serata-carinzia-siate-presenti\/\",\"url\":\"https:\/\/www.lca-sued.at\/it\/2023\/02\/21\/11-5-2023-alps-adriatic-logtalktransport-logistic-2023-monaco-di-baviera-serata-carinzia-siate-presenti\/\",\"name\":\"11.5.2023 \\\"Alps-Adriatic LogTalk@Transport Logistic 2023 Monaco di Baviera | Serata-Carinzia - Siate presenti! - LCA SUED\",\"isPartOf\":{\"@id\":\"https:\/\/www.lca-sued.at\/#website\"},\"primaryImageOfPage\":{\"@id\":\"https:\/\/www.lca-sued.at\/it\/2023\/02\/21\/11-5-2023-alps-adriatic-logtalktransport-logistic-2023-monaco-di-baviera-serata-carinzia-siate-presenti\/#primaryimage\"},\"image\":{\"@id\":\"https:\/\/www.lca-sued.at\/it\/2023\/02\/21\/11-5-2023-alps-adriatic-logtalktransport-logistic-2023-monaco-di-baviera-serata-carinzia-siate-presenti\/#primaryimage\"},\"thumbnailUrl\":\"https:\/\/www.lca-sued.at\/wp-content\/uploads\/2023\/02\/SAVE-THE-DATE_Personal-invitation_LCA-SUED-LOGTALK@transport-logistic_11.05._6.15-pm-scaled.jpg\",\"datePublished\":\"2023-02-21T14:18:54+00:00\",\"dateModified\":\"2023-03-06T12:04:10+00:00\",\"breadcrumb\":{\"@id\":\"https:\/\/www.lca-sued.at\/it\/2023\/02\/21\/11-5-2023-alps-adriatic-logtalktransport-logistic-2023-monaco-di-baviera-serata-carinzia-siate-presenti\/#breadcrumb\"},\"inLanguage\":\"it-IT\",\"potentialAction\":[{\"@type\":\"ReadAction\",\"target\":[\"https:\/\/www.lca-sued.at\/it\/2023\/02\/21\/11-5-2023-alps-adriatic-logtalktransport-logistic-2023-monaco-di-baviera-serata-carinzia-siate-presenti\/\"]}]},{\"@type\":\"ImageObject\",\"inLanguage\":\"it-IT\",\"@id\":\"https:\/\/www.lca-sued.at\/it\/2023\/02\/21\/11-5-2023-alps-adriatic-logtalktransport-logistic-2023-monaco-di-baviera-serata-carinzia-siate-presenti\/#primaryimage\",\"url\":\"https:\/\/www.lca-sued.at\/wp-content\/uploads\/2023\/02\/SAVE-THE-DATE_Personal-invitation_LCA-SUED-LOGTALK@transport-logistic_11.05._6.15-pm-scaled.jpg\",\"contentUrl\":\"https:\/\/www.lca-sued.at\/wp-content\/uploads\/2023\/02\/SAVE-THE-DATE_Personal-invitation_LCA-SUED-LOGTALK@transport-logistic_11.05._6.15-pm-scaled.jpg\",\"width\":2560,\"height\":2560},{\"@type\":\"BreadcrumbList\",\"@id\":\"https:\/\/www.lca-sued.at\/it\/2023\/02\/21\/11-5-2023-alps-adriatic-logtalktransport-logistic-2023-monaco-di-baviera-serata-carinzia-siate-presenti\/#breadcrumb\",\"itemListElement\":[{\"@type\":\"ListItem\",\"position\":1,\"name\":\"Startseite\",\"item\":\"https:\/\/www.lca-sued.at\/it\/\"},{\"@type\":\"ListItem\",\"position\":2,\"name\":\"11.5.2023 &#8220;Alps-Adriatic LogTalk@Transport Logistic 2023 Monaco di Baviera | Serata-Carinzia &#8211; Siate presenti!\"}]},{\"@type\":\"WebSite\",\"@id\":\"https:\/\/www.lca-sued.at\/#website\",\"url\":\"https:\/\/www.lca-sued.at\/\",\"name\":\"LCA SUED\",\"description\":\"LCA SUED\",\"publisher\":{\"@id\":\"https:\/\/www.lca-sued.at\/#organization\"},\"potentialAction\":[{\"@type\":\"SearchAction\",\"target\":{\"@type\":\"EntryPoint\",\"urlTemplate\":\"https:\/\/www.lca-sued.at\/?s={search_term_string}\"},\"query-input\":{\"@type\":\"PropertyValueSpecification\",\"valueRequired\":true,\"valueName\":\"search_term_string\"}}],\"inLanguage\":\"it-IT\"},{\"@type\":\"Organization\",\"@id\":\"https:\/\/www.lca-sued.at\/#organization\",\"name\":\"LCA SUED\",\"url\":\"https:\/\/www.lca-sued.at\/\",\"logo\":{\"@type\":\"ImageObject\",\"inLanguage\":\"it-IT\",\"@id\":\"https:\/\/www.lca-sued.at\/#\/schema\/logo\/image\/\",\"url\":\"https:\/\/www.lca-sued.at\/wp-content\/uploads\/2017\/08\/lca_logo.png\",\"contentUrl\":\"https:\/\/www.lca-sued.at\/wp-content\/uploads\/2017\/08\/lca_logo.png\",\"width\":167,\"height\":108,\"caption\":\"LCA SUED\"},\"image\":{\"@id\":\"https:\/\/www.lca-sued.at\/#\/schema\/logo\/image\/\"},\"sameAs\":[\"https:\/\/www.linkedin.com\/company\/lca-south\/\"]},{\"@type\":\"Person\",\"@id\":\"https:\/\/www.lca-sued.at\/#\/schema\/person\/34aa46e7a8dd8dc1bb17f82164ab0d3e\",\"name\":\"Suzana Jakovljevic\",\"image\":{\"@type\":\"ImageObject\",\"inLanguage\":\"it-IT\",\"@id\":\"https:\/\/www.lca-sued.at\/#\/schema\/person\/image\/\",\"url\":\"https:\/\/secure.gravatar.com\/avatar\/b132271ef8dde1367b8d03c6b6def65120ac14f829a088db4110bef152e9bc34?s=96&d=mm&r=g\",\"contentUrl\":\"https:\/\/secure.gravatar.com\/avatar\/b132271ef8dde1367b8d03c6b6def65120ac14f829a088db4110bef152e9bc34?s=96&d=mm&r=g\",\"caption\":\"Suzana Jakovljevic\"},\"url\":\"https:\/\/www.lca-sued.at\/it\/author\/lca-petschnig\/\"}]}<\/script>\n<!-- \/ Yoast SEO plugin. -->","yoast_head_json":{"title":"11.5.2023 \"Alps-Adriatic LogTalk@Transport Logistic 2023 Monaco di Baviera | Serata-Carinzia - Siate presenti! - LCA SUED","robots":{"index":"index","follow":"follow","max-snippet":"max-snippet:-1","max-image-preview":"max-image-preview:large","max-video-preview":"max-video-preview:-1"},"canonical":"https:\/\/www.lca-sued.at\/it\/2023\/02\/21\/11-5-2023-alps-adriatic-logtalktransport-logistic-2023-monaco-di-baviera-serata-carinzia-siate-presenti\/","og_locale":"it_IT","og_type":"article","og_title":"11.5.2023 \"Alps-Adriatic LogTalk@Transport Logistic 2023 Monaco di Baviera | Serata-Carinzia - Siate presenti! - LCA SUED","og_description":"NEL CONTESTO DELLA FIERA LEADER MONDIALE DEL TRASPORTO E LOGISTICA 2023 A MONACO DI BAVIERA DAL 9 AL 12 MAGGIO [&hellip;]","og_url":"https:\/\/www.lca-sued.at\/it\/2023\/02\/21\/11-5-2023-alps-adriatic-logtalktransport-logistic-2023-monaco-di-baviera-serata-carinzia-siate-presenti\/","og_site_name":"LCA SUED","article_published_time":"2023-02-21T14:18:54+00:00","article_modified_time":"2023-03-06T12:04:10+00:00","og_image":[{"width":2560,"height":2560,"url":"https:\/\/www.lca-sued.at\/wp-content\/uploads\/2023\/02\/SAVE-THE-DATE_Personal-invitation_LCA-SUED-LOGTALK@transport-logistic_11.05._6-pm-scaled.jpg","type":"image\/jpeg"}],"author":"Suzana Jakovljevic","twitter_card":"summary_large_image","twitter_misc":{"Scritto da":"Suzana Jakovljevic","Tempo di lettura stimato":"1 minuto"},"schema":{"@context":"https:\/\/schema.org","@graph":[{"@type":"Article","@id":"https:\/\/www.lca-sued.at\/it\/2023\/02\/21\/11-5-2023-alps-adriatic-logtalktransport-logistic-2023-monaco-di-baviera-serata-carinzia-siate-presenti\/#article","isPartOf":{"@id":"https:\/\/www.lca-sued.at\/it\/2023\/02\/21\/11-5-2023-alps-adriatic-logtalktransport-logistic-2023-monaco-di-baviera-serata-carinzia-siate-presenti\/"},"author":{"name":"Suzana Jakovljevic","@id":"https:\/\/www.lca-sued.at\/#\/schema\/person\/34aa46e7a8dd8dc1bb17f82164ab0d3e"},"headline":"11.5.2023 &#8220;Alps-Adriatic LogTalk@Transport Logistic 2023 Monaco di Baviera | Serata-Carinzia &#8211; Siate presenti!","datePublished":"2023-02-21T14:18:54+00:00","dateModified":"2023-03-06T12:04:10+00:00","mainEntityOfPage":{"@id":"https:\/\/www.lca-sued.at\/it\/2023\/02\/21\/11-5-2023-alps-adriatic-logtalktransport-logistic-2023-monaco-di-baviera-serata-carinzia-siate-presenti\/"},"wordCount":169,"publisher":{"@id":"https:\/\/www.lca-sued.at\/#organization"},"image":{"@id":"https:\/\/www.lca-sued.at\/it\/2023\/02\/21\/11-5-2023-alps-adriatic-logtalktransport-logistic-2023-monaco-di-baviera-serata-carinzia-siate-presenti\/#primaryimage"},"thumbnailUrl":"https:\/\/www.lca-sued.at\/wp-content\/uploads\/2023\/02\/SAVE-THE-DATE_Personal-invitation_LCA-SUED-LOGTALK@transport-logistic_11.05._6.15-pm-scaled.jpg","articleSection":["Eventi"],"inLanguage":"it-IT"},{"@type":"WebPage","@id":"https:\/\/www.lca-sued.at\/it\/2023\/02\/21\/11-5-2023-alps-adriatic-logtalktransport-logistic-2023-monaco-di-baviera-serata-carinzia-siate-presenti\/","url":"https:\/\/www.lca-sued.at\/it\/2023\/02\/21\/11-5-2023-alps-adriatic-logtalktransport-logistic-2023-monaco-di-baviera-serata-carinzia-siate-presenti\/","name":"11.5.2023 \"Alps-Adriatic LogTalk@Transport Logistic 2023 Monaco di Baviera | Serata-Carinzia - Siate presenti! - LCA SUED","isPartOf":{"@id":"https:\/\/www.lca-sued.at\/#website"},"primaryImageOfPage":{"@id":"https:\/\/www.lca-sued.at\/it\/2023\/02\/21\/11-5-2023-alps-adriatic-logtalktransport-logistic-2023-monaco-di-baviera-serata-carinzia-siate-presenti\/#primaryimage"},"image":{"@id":"https:\/\/www.lca-sued.at\/it\/2023\/02\/21\/11-5-2023-alps-adriatic-logtalktransport-logistic-2023-monaco-di-baviera-serata-carinzia-siate-presenti\/#primaryimage"},"thumbnailUrl":"https:\/\/www.lca-sued.at\/wp-content\/uploads\/2023\/02\/SAVE-THE-DATE_Personal-invitation_LCA-SUED-LOGTALK@transport-logistic_11.05._6.15-pm-scaled.jpg","datePublished":"2023-02-21T14:18:54+00:00","dateModified":"2023-03-06T12:04:10+00:00","breadcrumb":{"@id":"https:\/\/www.lca-sued.at\/it\/2023\/02\/21\/11-5-2023-alps-adriatic-logtalktransport-logistic-2023-monaco-di-baviera-serata-carinzia-siate-presenti\/#breadcrumb"},"inLanguage":"it-IT","potentialAction":[{"@type":"ReadAction","target":["https:\/\/www.lca-sued.at\/it\/2023\/02\/21\/11-5-2023-alps-adriatic-logtalktransport-logistic-2023-monaco-di-baviera-serata-carinzia-siate-presenti\/"]}]},{"@type":"ImageObject","inLanguage":"it-IT","@id":"https:\/\/www.lca-sued.at\/it\/2023\/02\/21\/11-5-2023-alps-adriatic-logtalktransport-logistic-2023-monaco-di-baviera-serata-carinzia-siate-presenti\/#primaryimage","url":"https:\/\/www.lca-sued.at\/wp-content\/uploads\/2023\/02\/SAVE-THE-DATE_Personal-invitation_LCA-SUED-LOGTALK@transport-logistic_11.05._6.15-pm-scaled.jpg","contentUrl":"https:\/\/www.lca-sued.at\/wp-content\/uploads\/2023\/02\/SAVE-THE-DATE_Personal-invitation_LCA-SUED-LOGTALK@transport-logistic_11.05._6.15-pm-scaled.jpg","width":2560,"height":2560},{"@type":"BreadcrumbList","@id":"https:\/\/www.lca-sued.at\/it\/2023\/02\/21\/11-5-2023-alps-adriatic-logtalktransport-logistic-2023-monaco-di-baviera-serata-carinzia-siate-presenti\/#breadcrumb","itemListElement":[{"@type":"ListItem","position":1,"name":"Startseite","item":"https:\/\/www.lca-sued.at\/it\/"},{"@type":"ListItem","position":2,"name":"11.5.2023 &#8220;Alps-Adriatic LogTalk@Transport Logistic 2023 Monaco di Baviera | Serata-Carinzia &#8211; Siate presenti!"}]},{"@type":"WebSite","@id":"https:\/\/www.lca-sued.at\/#website","url":"https:\/\/www.lca-sued.at\/","name":"LCA SUED","description":"LCA SUED","publisher":{"@id":"https:\/\/www.lca-sued.at\/#organization"},"potentialAction":[{"@type":"SearchAction","target":{"@type":"EntryPoint","urlTemplate":"https:\/\/www.lca-sued.at\/?s={search_term_string}"},"query-input":{"@type":"PropertyValueSpecification","valueRequired":true,"valueName":"search_term_string"}}],"inLanguage":"it-IT"},{"@type":"Organization","@id":"https:\/\/www.lca-sued.at\/#organization","name":"LCA SUED","url":"https:\/\/www.lca-sued.at\/","logo":{"@type":"ImageObject","inLanguage":"it-IT","@id":"https:\/\/www.lca-sued.at\/#\/schema\/logo\/image\/","url":"https:\/\/www.lca-sued.at\/wp-content\/uploads\/2017\/08\/lca_logo.png","contentUrl":"https:\/\/www.lca-sued.at\/wp-content\/uploads\/2017\/08\/lca_logo.png","width":167,"height":108,"caption":"LCA SUED"},"image":{"@id":"https:\/\/www.lca-sued.at\/#\/schema\/logo\/image\/"},"sameAs":["https:\/\/www.linkedin.com\/company\/lca-south\/"]},{"@type":"Person","@id":"https:\/\/www.lca-sued.at\/#\/schema\/person\/34aa46e7a8dd8dc1bb17f82164ab0d3e","name":"Suzana Jakovljevic","image":{"@type":"ImageObject","inLanguage":"it-IT","@id":"https:\/\/www.lca-sued.at\/#\/schema\/person\/image\/","url":"https:\/\/secure.gravatar.com\/avatar\/b132271ef8dde1367b8d03c6b6def65120ac14f829a088db4110bef152e9bc34?s=96&d=mm&r=g","contentUrl":"https:\/\/secure.gravatar.com\/avatar\/b132271ef8dde1367b8d03c6b6def65120ac14f829a088db4110bef152e9bc34?s=96&d=mm&r=g","caption":"Suzana Jakovljevic"},"url":"https:\/\/www.lca-sued.at\/it\/author\/lca-petschnig\/"}]}},"_links":{"self":[{"href":"https:\/\/www.lca-sued.at\/it\/wp-json\/wp\/v2\/posts\/4442","targetHints":{"allow":["GET"]}}],"collection":[{"href":"https:\/\/www.lca-sued.at\/it\/wp-json\/wp\/v2\/posts"}],"about":[{"href":"https:\/\/www.lca-sued.at\/it\/wp-json\/wp\/v2\/types\/post"}],"author":[{"embeddable":true,"href":"https:\/\/www.lca-sued.at\/it\/wp-json\/wp\/v2\/users\/4"}],"replies":[{"embeddable":true,"href":"https:\/\/www.lca-sued.at\/it\/wp-json\/wp\/v2\/comments?post=4442"}],"version-history":[{"count":1,"href":"https:\/\/www.lca-sued.at\/it\/wp-json\/wp\/v2\/posts\/4442\/revisions"}],"predecessor-version":[{"id":4478,"href":"https:\/\/www.lca-sued.at\/it\/wp-json\/wp\/v2\/posts\/4442\/revisions\/4478"}],"wp:featuredmedia":[{"embeddable":true,"href":"https:\/\/www.lca-sued.at\/it\/wp-json\/wp\/v2\/media\/4836"}],"wp:attachment":[{"href":"https:\/\/www.lca-sued.at\/it\/wp-json\/wp\/v2\/media?parent=4442"}],"wp:term":[{"taxonomy":"category","embeddable":true,"href":"https:\/\/www.lca-sued.at\/it\/wp-json\/wp\/v2\/categories?post=4442"},{"taxonomy":"post_tag","embeddable":true,"href":"https:\/\/www.lca-sued.at\/it\/wp-json\/wp\/v2\/tags?post=4442"}],"curies":[{"name":"wp","href":"https:\/\/api.w.org\/{rel}","templated":true}]}}