{"id":3531,"date":"2022-05-13T08:42:39","date_gmt":"2022-05-13T06:42:39","guid":{"rendered":"https:\/\/www.lca-sued.at\/2022\/05\/13\/leconomia-carinziana-incontra-la-logistica-visita-illustre-alllca-logistik-center-austria-sued\/"},"modified":"2022-05-13T08:42:39","modified_gmt":"2022-05-13T06:42:39","slug":"leconomia-carinziana-incontra-la-logistica-visita-illustre-alllca-logistik-center-austria-sued","status":"publish","type":"post","link":"https:\/\/www.lca-sued.at\/it\/2022\/05\/13\/leconomia-carinziana-incontra-la-logistica-visita-illustre-alllca-logistik-center-austria-sued\/","title":{"rendered":"L&#8217;economia carinziana incontra la logistica &#8211; visita illustre all&#8217;LCA Logistik Center Austria S\u00fcd"},"content":{"rendered":"<p>Furnitz, 13 maggio 2022. I porti dell&#8217;alto Adriatico rappresentano un importante snodo di traffico per i collegamenti intercontinentali, marittimi a lunga percorrenza ma anche a breve e media distanza dalla regione del Mediterraneo alla Cina e sono indispensabili per le esportazioni carinziane.<\/p>\n<p>Al fine di rafforzare le relazioni economiche con i porti dell&#8217;Alto Adriatico di Capodistria e Trieste, la Camera di Commercio della Carinzia ha organizzato il 12 e 12 maggio 2022 un viaggio in rete con circa 50 uomini d&#8217;affari carinziani, nonch\u00e9 una missione conoscitiva proprio in questi porti. La delegazione era guidata dal Presidente della Camera di Commercio J\u00fcrgen Mandl e dal Direttore della Camera Meinrad H\u00f6fferer. Ospiti illustri come Elisabeth Ellison-Kramer, ambasciatrice austriaca in Slovenia e primo presidente del parlamento carinziano, Reinhart Rohr, hanno accompagnato la delegazione.<\/p>\n<p>L&#8217;ampio programma, incentrato sulla logistica, \u00e8 iniziato con la visita e la presentazione dell&#8217;hub logistico F\u00fcrnitz, la sede logistica pi\u00f9 meridionale dell&#8217;Austria. La direzione dell&#8217;hub di 160 ettari e del porto asciutto LCA Logistik Center Austria S\u00fcd GmbH, Julia Feinig-Freunschlag e Udo Tarmann, ha introdotto la sede e presentato uno schema dello sviluppo della sede: Fondata nel 2017, la sede contava circa 40 locali aziende. Oggi gli amministratori delegati sono soddisfatti delle cifre attuali: 53 aziende locali con circa 890 dipendenti. Ulteriori accordi sono in preparazione e completeranno l&#8217;offerta sul posto. Oltre all&#8217;insediamento di uno stabilimento produttivo con circa 150 dipendenti, comprende un motel, colonnine di ricarica per auto elettriche, uffici e un centro logistico orientato all&#8217;approvvigionamento di case di riposo e di riposo. Anche il previsto ampliamento dell&#8217;hub e l&#8217;ammodernamento del terminal \u00d6BB sono stati discussi e hanno riscontrato grande interesse.<\/p>\n<p>Dopo un&#8217;abbondante colazione abbiamo proseguito per il porto di Capodistria. Qui la delegazione carinziana ha potuto visitare il porto in rapida crescita, che \u00e8 gi\u00e0 un partner importante per le aziende carinziane, e poi ha avuto un colloquio con il delegato commerciale per la Slovenia, Wilhelm Nest, originario della Carinzia a Lubiana. In serata, i partecipanti della delegazione sono stati invitati dall&#8217;Ambasciatore d&#8217;Austria in Slovenia, Elisabeth Ellison-Kramer, a partecipare all&#8217;inaugurazione del Consolato Onorario d&#8217;Austria a Capodistria con il Console Onorario Ur\u0161ka Svetlik.<\/p>\n<p>Oggi si prosegue verso il porto di Trieste, nel nord Italia, dove la delegazione sar\u00e0 ricevuta da Gudrun Hager, delegato commerciale per l&#8217;Italia.<\/p>\n<p>Dopo un&#8217;emozionante visita al porto, questo viaggio emozionante e informativo si conclude con la visita all&#8217;Area Science Park di Padriciano (Trieste). A Trieste, il centro di ricerca scientifica interdisciplinare Area Science Park \u00e8 uno dei pi\u00f9 importanti centri di sviluppo in Italia. Gli 84 istituti con 1.600 dipendenti sono molto specializzati nella ricerca nei settori della biomedicina, della fisica, dell&#8217;energia, dell&#8217;ambiente, delle innovazioni industriali, dell&#8217;economia circolare e delle nanotecnologie. Nell&#8217;ambito della visita al parco ricerche \u00e8 previsto anche un incontro con Sabrina Strolego (Console Onorario d&#8217;Austria a Trieste). Con lei si dovrebbero riflettere le relazioni economiche tra le due regioni della Carinzia e del Friuli-Venezia Giulia e si dovrebbero discutere gli approcci per un&#8217;ulteriore e proficua cooperazione transfrontaliera.<\/p>\n","protected":false},"excerpt":{"rendered":"<p>Furnitz, 13 maggio 2022. I porti dell&#8217;alto Adriatico rappresentano un importante snodo di traffico per i collegamenti intercontinentali, marittimi a [&hellip;]<\/p>\n","protected":false},"author":4,"featured_media":3522,"comment_status":"closed","ping_status":"open","sticky":false,"template":"","format":"standard","meta":{"_acf_changed":false,"footnotes":""},"categories":[41],"tags":[],"class_list":["post-3531","post","type-post","status-publish","format-standard","has-post-thumbnail","hentry","category-unkategorisiert-it"],"acf":[],"yoast_head":"<!-- This site is optimized with the Yoast SEO plugin v27.0 - https:\/\/yoast.com\/product\/yoast-seo-wordpress\/ -->\n<title>L&#039;economia carinziana incontra la logistica - visita illustre all&#039;LCA Logistik Center Austria S\u00fcd - LCA SUED<\/title>\n<meta name=\"robots\" content=\"index, follow, max-snippet:-1, max-image-preview:large, max-video-preview:-1\" \/>\n<link rel=\"canonical\" href=\"https:\/\/www.lca-sued.at\/2022\/05\/13\/leconomia-carinziana-incontra-la-logistica-visita-illustre-alllca-logistik-center-austria-sued\/\" \/>\n<meta property=\"og:locale\" content=\"it_IT\" \/>\n<meta property=\"og:type\" content=\"article\" \/>\n<meta property=\"og:title\" content=\"L&#039;economia carinziana incontra la logistica - visita illustre all&#039;LCA Logistik Center Austria S\u00fcd - LCA SUED\" \/>\n<meta property=\"og:description\" content=\"Furnitz, 13 maggio 2022. I porti dell&#8217;alto Adriatico rappresentano un importante snodo di traffico per i collegamenti intercontinentali, marittimi a [&hellip;]\" \/>\n<meta property=\"og:url\" content=\"https:\/\/www.lca-sued.at\/2022\/05\/13\/leconomia-carinziana-incontra-la-logistica-visita-illustre-alllca-logistik-center-austria-sued\/\" \/>\n<meta property=\"og:site_name\" content=\"LCA SUED\" \/>\n<meta property=\"article:published_time\" content=\"2022-05-13T06:42:39+00:00\" \/>\n<meta property=\"og:image\" content=\"https:\/\/www.lca-sued.at\/wp-content\/uploads\/2022\/02\/lca-slider-2022.jpg\" \/>\n\t<meta property=\"og:image:width\" content=\"1024\" \/>\n\t<meta property=\"og:image:height\" content=\"486\" \/>\n\t<meta property=\"og:image:type\" content=\"image\/jpeg\" \/>\n<meta name=\"author\" content=\"Suzana Jakovljevic\" \/>\n<meta name=\"twitter:card\" content=\"summary_large_image\" \/>\n<meta name=\"twitter:label1\" content=\"Scritto da\" \/>\n\t<meta name=\"twitter:data1\" content=\"Suzana Jakovljevic\" \/>\n\t<meta name=\"twitter:label2\" content=\"Tempo di lettura stimato\" \/>\n\t<meta name=\"twitter:data2\" content=\"2 minuti\" \/>\n<script type=\"application\/ld+json\" class=\"yoast-schema-graph\">{\"@context\":\"https:\/\/schema.org\",\"@graph\":[{\"@type\":\"Article\",\"@id\":\"https:\/\/www.lca-sued.at\/2022\/05\/13\/leconomia-carinziana-incontra-la-logistica-visita-illustre-alllca-logistik-center-austria-sued\/#article\",\"isPartOf\":{\"@id\":\"https:\/\/www.lca-sued.at\/2022\/05\/13\/leconomia-carinziana-incontra-la-logistica-visita-illustre-alllca-logistik-center-austria-sued\/\"},\"author\":{\"name\":\"Suzana Jakovljevic\",\"@id\":\"https:\/\/www.lca-sued.at\/#\/schema\/person\/34aa46e7a8dd8dc1bb17f82164ab0d3e\"},\"headline\":\"L&#8217;economia carinziana incontra la logistica &#8211; visita illustre all&#8217;LCA Logistik Center Austria S\u00fcd\",\"datePublished\":\"2022-05-13T06:42:39+00:00\",\"mainEntityOfPage\":{\"@id\":\"https:\/\/www.lca-sued.at\/2022\/05\/13\/leconomia-carinziana-incontra-la-logistica-visita-illustre-alllca-logistik-center-austria-sued\/\"},\"wordCount\":524,\"publisher\":{\"@id\":\"https:\/\/www.lca-sued.at\/#organization\"},\"image\":{\"@id\":\"https:\/\/www.lca-sued.at\/2022\/05\/13\/leconomia-carinziana-incontra-la-logistica-visita-illustre-alllca-logistik-center-austria-sued\/#primaryimage\"},\"thumbnailUrl\":\"https:\/\/www.lca-sued.at\/wp-content\/uploads\/2022\/05\/IMG-20220512-WA0002.jpg\",\"articleSection\":[\"Unkategorisiert\"],\"inLanguage\":\"it-IT\"},{\"@type\":\"WebPage\",\"@id\":\"https:\/\/www.lca-sued.at\/2022\/05\/13\/leconomia-carinziana-incontra-la-logistica-visita-illustre-alllca-logistik-center-austria-sued\/\",\"url\":\"https:\/\/www.lca-sued.at\/2022\/05\/13\/leconomia-carinziana-incontra-la-logistica-visita-illustre-alllca-logistik-center-austria-sued\/\",\"name\":\"L'economia carinziana incontra la logistica - visita illustre all'LCA Logistik Center Austria S\u00fcd - LCA SUED\",\"isPartOf\":{\"@id\":\"https:\/\/www.lca-sued.at\/#website\"},\"primaryImageOfPage\":{\"@id\":\"https:\/\/www.lca-sued.at\/2022\/05\/13\/leconomia-carinziana-incontra-la-logistica-visita-illustre-alllca-logistik-center-austria-sued\/#primaryimage\"},\"image\":{\"@id\":\"https:\/\/www.lca-sued.at\/2022\/05\/13\/leconomia-carinziana-incontra-la-logistica-visita-illustre-alllca-logistik-center-austria-sued\/#primaryimage\"},\"thumbnailUrl\":\"https:\/\/www.lca-sued.at\/wp-content\/uploads\/2022\/05\/IMG-20220512-WA0002.jpg\",\"datePublished\":\"2022-05-13T06:42:39+00:00\",\"breadcrumb\":{\"@id\":\"https:\/\/www.lca-sued.at\/2022\/05\/13\/leconomia-carinziana-incontra-la-logistica-visita-illustre-alllca-logistik-center-austria-sued\/#breadcrumb\"},\"inLanguage\":\"it-IT\",\"potentialAction\":[{\"@type\":\"ReadAction\",\"target\":[\"https:\/\/www.lca-sued.at\/2022\/05\/13\/leconomia-carinziana-incontra-la-logistica-visita-illustre-alllca-logistik-center-austria-sued\/\"]}]},{\"@type\":\"ImageObject\",\"inLanguage\":\"it-IT\",\"@id\":\"https:\/\/www.lca-sued.at\/2022\/05\/13\/leconomia-carinziana-incontra-la-logistica-visita-illustre-alllca-logistik-center-austria-sued\/#primaryimage\",\"url\":\"https:\/\/www.lca-sued.at\/wp-content\/uploads\/2022\/05\/IMG-20220512-WA0002.jpg\",\"contentUrl\":\"https:\/\/www.lca-sued.at\/wp-content\/uploads\/2022\/05\/IMG-20220512-WA0002.jpg\",\"width\":1600,\"height\":1200},{\"@type\":\"BreadcrumbList\",\"@id\":\"https:\/\/www.lca-sued.at\/2022\/05\/13\/leconomia-carinziana-incontra-la-logistica-visita-illustre-alllca-logistik-center-austria-sued\/#breadcrumb\",\"itemListElement\":[{\"@type\":\"ListItem\",\"position\":1,\"name\":\"Startseite\",\"item\":\"https:\/\/www.lca-sued.at\/it\/\"},{\"@type\":\"ListItem\",\"position\":2,\"name\":\"L&#8217;economia carinziana incontra la logistica &#8211; visita illustre all&#8217;LCA Logistik Center Austria S\u00fcd\"}]},{\"@type\":\"WebSite\",\"@id\":\"https:\/\/www.lca-sued.at\/#website\",\"url\":\"https:\/\/www.lca-sued.at\/\",\"name\":\"LCA SUED\",\"description\":\"LCA SUED\",\"publisher\":{\"@id\":\"https:\/\/www.lca-sued.at\/#organization\"},\"potentialAction\":[{\"@type\":\"SearchAction\",\"target\":{\"@type\":\"EntryPoint\",\"urlTemplate\":\"https:\/\/www.lca-sued.at\/?s={search_term_string}\"},\"query-input\":{\"@type\":\"PropertyValueSpecification\",\"valueRequired\":true,\"valueName\":\"search_term_string\"}}],\"inLanguage\":\"it-IT\"},{\"@type\":\"Organization\",\"@id\":\"https:\/\/www.lca-sued.at\/#organization\",\"name\":\"LCA SUED\",\"url\":\"https:\/\/www.lca-sued.at\/\",\"logo\":{\"@type\":\"ImageObject\",\"inLanguage\":\"it-IT\",\"@id\":\"https:\/\/www.lca-sued.at\/#\/schema\/logo\/image\/\",\"url\":\"https:\/\/www.lca-sued.at\/wp-content\/uploads\/2017\/08\/lca_logo.png\",\"contentUrl\":\"https:\/\/www.lca-sued.at\/wp-content\/uploads\/2017\/08\/lca_logo.png\",\"width\":167,\"height\":108,\"caption\":\"LCA SUED\"},\"image\":{\"@id\":\"https:\/\/www.lca-sued.at\/#\/schema\/logo\/image\/\"},\"sameAs\":[\"https:\/\/www.linkedin.com\/company\/lca-south\/\"]},{\"@type\":\"Person\",\"@id\":\"https:\/\/www.lca-sued.at\/#\/schema\/person\/34aa46e7a8dd8dc1bb17f82164ab0d3e\",\"name\":\"Suzana Jakovljevic\",\"image\":{\"@type\":\"ImageObject\",\"inLanguage\":\"it-IT\",\"@id\":\"https:\/\/www.lca-sued.at\/#\/schema\/person\/image\/\",\"url\":\"https:\/\/secure.gravatar.com\/avatar\/b132271ef8dde1367b8d03c6b6def65120ac14f829a088db4110bef152e9bc34?s=96&d=mm&r=g\",\"contentUrl\":\"https:\/\/secure.gravatar.com\/avatar\/b132271ef8dde1367b8d03c6b6def65120ac14f829a088db4110bef152e9bc34?s=96&d=mm&r=g\",\"caption\":\"Suzana Jakovljevic\"},\"url\":\"https:\/\/www.lca-sued.at\/it\/author\/lca-petschnig\/\"}]}<\/script>\n<!-- \/ Yoast SEO plugin. -->","yoast_head_json":{"title":"L'economia carinziana incontra la logistica - visita illustre all'LCA Logistik Center Austria S\u00fcd - LCA SUED","robots":{"index":"index","follow":"follow","max-snippet":"max-snippet:-1","max-image-preview":"max-image-preview:large","max-video-preview":"max-video-preview:-1"},"canonical":"https:\/\/www.lca-sued.at\/2022\/05\/13\/leconomia-carinziana-incontra-la-logistica-visita-illustre-alllca-logistik-center-austria-sued\/","og_locale":"it_IT","og_type":"article","og_title":"L'economia carinziana incontra la logistica - visita illustre all'LCA Logistik Center Austria S\u00fcd - LCA SUED","og_description":"Furnitz, 13 maggio 2022. I porti dell&#8217;alto Adriatico rappresentano un importante snodo di traffico per i collegamenti intercontinentali, marittimi a [&hellip;]","og_url":"https:\/\/www.lca-sued.at\/2022\/05\/13\/leconomia-carinziana-incontra-la-logistica-visita-illustre-alllca-logistik-center-austria-sued\/","og_site_name":"LCA SUED","article_published_time":"2022-05-13T06:42:39+00:00","og_image":[{"width":1024,"height":486,"url":"https:\/\/www.lca-sued.at\/wp-content\/uploads\/2022\/02\/lca-slider-2022.jpg","type":"image\/jpeg"}],"author":"Suzana Jakovljevic","twitter_card":"summary_large_image","twitter_misc":{"Scritto da":"Suzana Jakovljevic","Tempo di lettura stimato":"2 minuti"},"schema":{"@context":"https:\/\/schema.org","@graph":[{"@type":"Article","@id":"https:\/\/www.lca-sued.at\/2022\/05\/13\/leconomia-carinziana-incontra-la-logistica-visita-illustre-alllca-logistik-center-austria-sued\/#article","isPartOf":{"@id":"https:\/\/www.lca-sued.at\/2022\/05\/13\/leconomia-carinziana-incontra-la-logistica-visita-illustre-alllca-logistik-center-austria-sued\/"},"author":{"name":"Suzana Jakovljevic","@id":"https:\/\/www.lca-sued.at\/#\/schema\/person\/34aa46e7a8dd8dc1bb17f82164ab0d3e"},"headline":"L&#8217;economia carinziana incontra la logistica &#8211; visita illustre all&#8217;LCA Logistik Center Austria S\u00fcd","datePublished":"2022-05-13T06:42:39+00:00","mainEntityOfPage":{"@id":"https:\/\/www.lca-sued.at\/2022\/05\/13\/leconomia-carinziana-incontra-la-logistica-visita-illustre-alllca-logistik-center-austria-sued\/"},"wordCount":524,"publisher":{"@id":"https:\/\/www.lca-sued.at\/#organization"},"image":{"@id":"https:\/\/www.lca-sued.at\/2022\/05\/13\/leconomia-carinziana-incontra-la-logistica-visita-illustre-alllca-logistik-center-austria-sued\/#primaryimage"},"thumbnailUrl":"https:\/\/www.lca-sued.at\/wp-content\/uploads\/2022\/05\/IMG-20220512-WA0002.jpg","articleSection":["Unkategorisiert"],"inLanguage":"it-IT"},{"@type":"WebPage","@id":"https:\/\/www.lca-sued.at\/2022\/05\/13\/leconomia-carinziana-incontra-la-logistica-visita-illustre-alllca-logistik-center-austria-sued\/","url":"https:\/\/www.lca-sued.at\/2022\/05\/13\/leconomia-carinziana-incontra-la-logistica-visita-illustre-alllca-logistik-center-austria-sued\/","name":"L'economia carinziana incontra la logistica - visita illustre all'LCA Logistik Center Austria S\u00fcd - LCA SUED","isPartOf":{"@id":"https:\/\/www.lca-sued.at\/#website"},"primaryImageOfPage":{"@id":"https:\/\/www.lca-sued.at\/2022\/05\/13\/leconomia-carinziana-incontra-la-logistica-visita-illustre-alllca-logistik-center-austria-sued\/#primaryimage"},"image":{"@id":"https:\/\/www.lca-sued.at\/2022\/05\/13\/leconomia-carinziana-incontra-la-logistica-visita-illustre-alllca-logistik-center-austria-sued\/#primaryimage"},"thumbnailUrl":"https:\/\/www.lca-sued.at\/wp-content\/uploads\/2022\/05\/IMG-20220512-WA0002.jpg","datePublished":"2022-05-13T06:42:39+00:00","breadcrumb":{"@id":"https:\/\/www.lca-sued.at\/2022\/05\/13\/leconomia-carinziana-incontra-la-logistica-visita-illustre-alllca-logistik-center-austria-sued\/#breadcrumb"},"inLanguage":"it-IT","potentialAction":[{"@type":"ReadAction","target":["https:\/\/www.lca-sued.at\/2022\/05\/13\/leconomia-carinziana-incontra-la-logistica-visita-illustre-alllca-logistik-center-austria-sued\/"]}]},{"@type":"ImageObject","inLanguage":"it-IT","@id":"https:\/\/www.lca-sued.at\/2022\/05\/13\/leconomia-carinziana-incontra-la-logistica-visita-illustre-alllca-logistik-center-austria-sued\/#primaryimage","url":"https:\/\/www.lca-sued.at\/wp-content\/uploads\/2022\/05\/IMG-20220512-WA0002.jpg","contentUrl":"https:\/\/www.lca-sued.at\/wp-content\/uploads\/2022\/05\/IMG-20220512-WA0002.jpg","width":1600,"height":1200},{"@type":"BreadcrumbList","@id":"https:\/\/www.lca-sued.at\/2022\/05\/13\/leconomia-carinziana-incontra-la-logistica-visita-illustre-alllca-logistik-center-austria-sued\/#breadcrumb","itemListElement":[{"@type":"ListItem","position":1,"name":"Startseite","item":"https:\/\/www.lca-sued.at\/it\/"},{"@type":"ListItem","position":2,"name":"L&#8217;economia carinziana incontra la logistica &#8211; visita illustre all&#8217;LCA Logistik Center Austria S\u00fcd"}]},{"@type":"WebSite","@id":"https:\/\/www.lca-sued.at\/#website","url":"https:\/\/www.lca-sued.at\/","name":"LCA SUED","description":"LCA SUED","publisher":{"@id":"https:\/\/www.lca-sued.at\/#organization"},"potentialAction":[{"@type":"SearchAction","target":{"@type":"EntryPoint","urlTemplate":"https:\/\/www.lca-sued.at\/?s={search_term_string}"},"query-input":{"@type":"PropertyValueSpecification","valueRequired":true,"valueName":"search_term_string"}}],"inLanguage":"it-IT"},{"@type":"Organization","@id":"https:\/\/www.lca-sued.at\/#organization","name":"LCA SUED","url":"https:\/\/www.lca-sued.at\/","logo":{"@type":"ImageObject","inLanguage":"it-IT","@id":"https:\/\/www.lca-sued.at\/#\/schema\/logo\/image\/","url":"https:\/\/www.lca-sued.at\/wp-content\/uploads\/2017\/08\/lca_logo.png","contentUrl":"https:\/\/www.lca-sued.at\/wp-content\/uploads\/2017\/08\/lca_logo.png","width":167,"height":108,"caption":"LCA SUED"},"image":{"@id":"https:\/\/www.lca-sued.at\/#\/schema\/logo\/image\/"},"sameAs":["https:\/\/www.linkedin.com\/company\/lca-south\/"]},{"@type":"Person","@id":"https:\/\/www.lca-sued.at\/#\/schema\/person\/34aa46e7a8dd8dc1bb17f82164ab0d3e","name":"Suzana Jakovljevic","image":{"@type":"ImageObject","inLanguage":"it-IT","@id":"https:\/\/www.lca-sued.at\/#\/schema\/person\/image\/","url":"https:\/\/secure.gravatar.com\/avatar\/b132271ef8dde1367b8d03c6b6def65120ac14f829a088db4110bef152e9bc34?s=96&d=mm&r=g","contentUrl":"https:\/\/secure.gravatar.com\/avatar\/b132271ef8dde1367b8d03c6b6def65120ac14f829a088db4110bef152e9bc34?s=96&d=mm&r=g","caption":"Suzana Jakovljevic"},"url":"https:\/\/www.lca-sued.at\/it\/author\/lca-petschnig\/"}]}},"_links":{"self":[{"href":"https:\/\/www.lca-sued.at\/it\/wp-json\/wp\/v2\/posts\/3531","targetHints":{"allow":["GET"]}}],"collection":[{"href":"https:\/\/www.lca-sued.at\/it\/wp-json\/wp\/v2\/posts"}],"about":[{"href":"https:\/\/www.lca-sued.at\/it\/wp-json\/wp\/v2\/types\/post"}],"author":[{"embeddable":true,"href":"https:\/\/www.lca-sued.at\/it\/wp-json\/wp\/v2\/users\/4"}],"replies":[{"embeddable":true,"href":"https:\/\/www.lca-sued.at\/it\/wp-json\/wp\/v2\/comments?post=3531"}],"version-history":[{"count":0,"href":"https:\/\/www.lca-sued.at\/it\/wp-json\/wp\/v2\/posts\/3531\/revisions"}],"wp:featuredmedia":[{"embeddable":true,"href":"https:\/\/www.lca-sued.at\/it\/wp-json\/wp\/v2\/media\/3522"}],"wp:attachment":[{"href":"https:\/\/www.lca-sued.at\/it\/wp-json\/wp\/v2\/media?parent=3531"}],"wp:term":[{"taxonomy":"category","embeddable":true,"href":"https:\/\/www.lca-sued.at\/it\/wp-json\/wp\/v2\/categories?post=3531"},{"taxonomy":"post_tag","embeddable":true,"href":"https:\/\/www.lca-sued.at\/it\/wp-json\/wp\/v2\/tags?post=3531"}],"curies":[{"name":"wp","href":"https:\/\/api.w.org\/{rel}","templated":true}]}}